{"id":3606,"date":"2024-02-29T10:23:24","date_gmt":"2024-02-29T10:23:24","guid":{"rendered":"https:\/\/www.enerxetika.com\/los-nuevos-proyectos-centrados-en-energias-renovables-sostenibilidad-y-eficiencia-volveran-a-destacar-en-el-espacio-sie-de-enerxetika-2024\/"},"modified":"2024-02-29T10:27:09","modified_gmt":"2024-02-29T10:27:09","slug":"los-nuevos-proyectos-centrados-en-energias-renovables-sostenibilidad-y-eficiencia-volveran-a-destacar-en-el-espacio-sie-de-enerxetika-2024","status":"publish","type":"post","link":"https:\/\/www.enerxetika.com\/gl\/los-nuevos-proyectos-centrados-en-energias-renovables-sostenibilidad-y-eficiencia-volveran-a-destacar-en-el-espacio-sie-de-enerxetika-2024\/","title":{"rendered":"Os novos proxectos centrados en enerx\u00edas renovables, sostibilidade e eficiencia volver\u00e1n destacar no espazo SIE de Enerx\u00e9tika 2024"},"content":{"rendered":"<ul>\n<li><strong>TRAS O SEU \u00c9XITO NA PASADA CITA, ESTA \u00c1REA DE INNOVACI\u00d3N REGRESA \u00c1 CUARTA EDICI\u00d3N DA FEIRA, A CAL TER\u00c1 LUGAR DO 11 AO 13 DE ABRIL<\/strong><\/li>\n<li><strong>UN XURADO PROFESIONAL E INDEPENDIENTE FORMADO POR MEMBROS DO FORO ENEX\u00c9TICO DE GALICIA VALORAR\u00c1 TODOS AS PROPOSTAS REMITIDAS PARA DETERMINAR AS QUE FINALMENTE TER\u00c1N PRESENZA NO SAL\u00d3N<\/strong><\/li>\n<\/ul>\n<p><strong><em>Silleda, 29 de febreiro de 2024.- <\/em><\/strong>A feira Enerx\u00e9tika prep\u00e1rase para celebrar a s\u00faa cuarta edici\u00f3n no recinto Feira Internacional de Galicia ABANCA, a cal se converter\u00e1 do 11 ao 13 de abril en punto de encontro do sector da enerx\u00eda.<\/p>\n<p>Durante estes tres d\u00edas, e tras o \u00e9xito da s\u00faa pasada convocatoria, o certame contar\u00e1 de novo co Sal\u00f3n da Innovaci\u00f3n Enerx\u00e9tika (SIE), un espazo dedicado a po\u00f1er en valor proxectos innovadores no \u00e1mbito da sustentabilidade, a eficiencia enerx\u00e9tica e as enerx\u00edas renovables en calquera dos subsectores do certame.<\/p>\n<p>Os proxectos que ter\u00e1n presenza nesta \u00e1rea ser\u00e1n seleccionados entre todas as propostas recibidas por un xurado profesional e independente, totalmente alleo \u00e1 organizaci\u00f3n. Estar\u00e1 formado por membros do Foro Enerx\u00e9tico de Galicia, grupo de debate representado por profesionais de reco\u00f1ecido prestixio no \u00e1mbito da enerx\u00eda na Comunidade galega.<\/p>\n<p>Establec\u00e9ronse d\u00faas secci\u00f3ns, profesional e acad\u00e9mica. Na primeira poden participar empresas e entidades, p\u00fablicas e privadas, tanto que sexan expositoras ou coexpositoras de Enerx\u00e9tika como que non o sexan, a\u00ednda que para estas \u00faltimas ter\u00e1 custo e para as primeiras non. A segunda secci\u00f3n est\u00e1 orientada a alumnos de Escolas Universitarias, centros de Formaci\u00f3n Profesional e outras entidades educativas, para as que a inscrici\u00f3n \u00e9 gratu\u00edta.<\/p>\n<p>Cada empresa ou entidade pode presentar m\u00e1is dun proxecto, o cal, se \u00e9 seleccionado, mostrarase no SIE a trav\u00e9s dun panel no que se poder\u00e1n ver fotograf\u00edas e informaci\u00f3n, outorg\u00e1ndolle gran visibilidade entre o p\u00fablico. Para optar a participar neste espazo exclusivo, os proxectos deben estar en funcionamento ou ter posibilidades reais de aplicaci\u00f3n no mercado. As condici\u00f3ns de participaci\u00f3n poden consultarse na web da feira, www.enerxetika.com<\/p>\n<p><strong>Interesantes proxectos na pasada edici\u00f3n<\/strong><\/p>\n<p>Na \u00faltima convocatoria de Enerx\u00e9tika, celebrada en 2022 e na cal se estreou o SIE, o xurado seleccionou 18 proxectos de gran interese, como foron un m\u00e9todo de inspecci\u00f3n e ensaios en plantas fotovoltaicas que melloraba o m\u00e9todo convencional, un can\u00f3n de vento contra incendios forestais, a dixitalizaci\u00f3n e estratexia de enerx\u00eda de supermercados ecoeficientes, a implantaci\u00f3n dun sistema de certificaci\u00f3n de sustentabilidade de biocombustibles s\u00f3lidos, cadros el\u00e9ctricos intelixentes, bater\u00edas h\u00edbridas e port\u00e1tiles de \u00faltima xeraci\u00f3n, unha unidade mixta de gas renovable e un proxecto centrado en promover un uso m\u00e1is eficiente nos recursos do sector av\u00edcola.<\/p>\n<p>Tam\u00e9n se mostraron unha aplicaci\u00f3n distribu\u00edda para rexistro e certificaci\u00f3n de aforros de enerx\u00eda, emisi\u00f3ns de CO2 e xeraci\u00f3n renovable; as primeiras persianas fotovoltaicas do mundo, recuperadores de alta eficiencia descentralizados, unha caldeira de pellets sen emisi\u00f3n de part\u00edculas, unha actuaci\u00f3n centrada na sensibilizaci\u00f3n de iluminaci\u00f3n p\u00fablica responsable e defensa dunha paisaxe nocturna non contaminada, un proceso de dixitalizaci\u00f3n da cadea de valor agroalimentario, un equipo multiproceso t\u00e9rmico e simulaci\u00f3n CFD e DES para procesos de desconxelaci\u00f3n, atemperamento, cocci\u00f3n e esterilizaci\u00f3n no sector alimentario; soluci\u00f3ns de mobilidade para a mellora operativa dos parque e\u00f3licos, un departamento t\u00e9cnico comercial virtual para impulsar a sustentabilidade e ademais un sistema de preparaci\u00f3n, subministraci\u00f3n e manexo de lastre flu\u00eddo para turbinas e\u00f3licas flotantes.<\/p>\n","protected":false},"excerpt":{"rendered":"<p>TRAS O SEU \u00c9XITO NA PASADA CITA, ESTA \u00c1REA DE INNOVACI\u00d3N REGRESA \u00c1 CUARTA EDICI\u00d3N DA FEIRA, A CAL TER\u00c1 LUGAR DO 11 AO 13 DE ABRIL UN XURADO PROFESIONAL E INDEPENDIENTE FORMADO POR MEMBROS DO FORO ENEX\u00c9TICO DE GALICIA VALORAR\u00c1 TODOS AS PROPOSTAS REMITIDAS PARA DETERMINAR AS QUE FINALMENTE TER\u00c1N PRESENZA NO SAL\u00d3N Silleda, &#8230; <a title=\"Os novos proxectos centrados en enerx\u00edas renovables, sostibilidade e eficiencia volver\u00e1n destacar no espazo SIE de Enerx\u00e9tika 2024\" class=\"read-more\" href=\"https:\/\/www.enerxetika.com\/gl\/los-nuevos-proyectos-centrados-en-energias-renovables-sostenibilidad-y-eficiencia-volveran-a-destacar-en-el-espacio-sie-de-enerxetika-2024\/\" aria-label=\"M\u00e1is en Os novos proxectos centrados en enerx\u00edas renovables, sostibilidade e eficiencia volver\u00e1n destacar no espazo SIE de Enerx\u00e9tika 2024\">Ler m\u00e1is<\/a><\/p>\n","protected":false},"author":1,"featured_media":3604,"comment_status":"closed","ping_status":"closed","sticky":false,"template":"","format":"standard","meta":{"footnotes":""},"categories":[18],"tags":[],"class_list":["post-3606","post","type-post","status-publish","format-standard","has-post-thumbnail","hentry","category-uncategorized-gl"],"acf":[],"yoast_head":"<!-- This site is optimized with the Yoast SEO plugin v20.4 - https:\/\/yoast.com\/wordpress\/plugins\/seo\/ -->\n<title>Os novos proxectos centrados en enerx\u00edas renovables, sostibilidade e eficiencia volver\u00e1n destacar no espazo SIE de Enerx\u00e9tika 2024 - ENERXETIKA<\/title>\n<meta name=\"robots\" content=\"index, follow, max-snippet:-1, max-image-preview:large, max-video-preview:-1\" \/>\n<link rel=\"canonical\" href=\"https:\/\/www.enerxetika.com\/gl\/los-nuevos-proyectos-centrados-en-energias-renovables-sostenibilidad-y-eficiencia-volveran-a-destacar-en-el-espacio-sie-de-enerxetika-2024\/\" \/>\n<meta property=\"og:locale\" content=\"gl_ES\" \/>\n<meta property=\"og:type\" content=\"article\" \/>\n<meta property=\"og:title\" content=\"Os novos proxectos centrados en enerx\u00edas renovables, sostibilidade e eficiencia volver\u00e1n destacar no espazo SIE de Enerx\u00e9tika 2024 - ENERXETIKA\" \/>\n<meta property=\"og:description\" content=\"TRAS O SEU \u00c9XITO NA PASADA CITA, ESTA \u00c1REA DE INNOVACI\u00d3N REGRESA \u00c1 CUARTA EDICI\u00d3N DA FEIRA, A CAL TER\u00c1 LUGAR DO 11 AO 13 DE ABRIL UN XURADO PROFESIONAL E INDEPENDIENTE FORMADO POR MEMBROS DO FORO ENEX\u00c9TICO DE GALICIA VALORAR\u00c1 TODOS AS PROPOSTAS REMITIDAS PARA DETERMINAR AS QUE FINALMENTE TER\u00c1N PRESENZA NO SAL\u00d3N Silleda, ... Ler m\u00e1is\" \/>\n<meta property=\"og:url\" content=\"https:\/\/www.enerxetika.com\/gl\/los-nuevos-proyectos-centrados-en-energias-renovables-sostenibilidad-y-eficiencia-volveran-a-destacar-en-el-espacio-sie-de-enerxetika-2024\/\" \/>\n<meta property=\"og:site_name\" content=\"ENERXETIKA\" \/>\n<meta property=\"article:publisher\" content=\"https:\/\/www.facebook.com\/enerxetika\" \/>\n<meta property=\"article:published_time\" content=\"2024-02-29T10:23:24+00:00\" \/>\n<meta property=\"article:modified_time\" content=\"2024-02-29T10:27:09+00:00\" \/>\n<meta property=\"og:image\" content=\"https:\/\/www.enerxetika.com\/wp-content\/uploads\/2024\/02\/SIE-en-Enerxetika-2022.jpg\" \/>\n\t<meta property=\"og:image:width\" content=\"1500\" \/>\n\t<meta property=\"og:image:height\" content=\"845\" \/>\n\t<meta property=\"og:image:type\" content=\"image\/jpeg\" \/>\n<meta name=\"author\" content=\"admin@SedExpo\" \/>\n<meta name=\"twitter:card\" content=\"summary_large_image\" \/>\n<meta name=\"twitter:creator\" content=\"@enerxetika\" \/>\n<meta name=\"twitter:site\" content=\"@enerxetika\" \/>\n<meta name=\"twitter:label1\" content=\"Escrito por\" \/>\n\t<meta name=\"twitter:data1\" content=\"admin@SedExpo\" \/>\n\t<meta name=\"twitter:label2\" content=\"Tempo de lectura\" \/>\n\t<meta name=\"twitter:data2\" content=\"3 minutos\" \/>\n<script type=\"application\/ld+json\" class=\"yoast-schema-graph\">{\"@context\":\"https:\/\/schema.org\",\"@graph\":[{\"@type\":\"Article\",\"@id\":\"https:\/\/www.enerxetika.com\/gl\/los-nuevos-proyectos-centrados-en-energias-renovables-sostenibilidad-y-eficiencia-volveran-a-destacar-en-el-espacio-sie-de-enerxetika-2024\/#article\",\"isPartOf\":{\"@id\":\"https:\/\/www.enerxetika.com\/gl\/los-nuevos-proyectos-centrados-en-energias-renovables-sostenibilidad-y-eficiencia-volveran-a-destacar-en-el-espacio-sie-de-enerxetika-2024\/\"},\"author\":{\"name\":\"admin@SedExpo\",\"@id\":\"https:\/\/www.enerxetika.com\/gl\/#\/schema\/person\/1fc7315d6712a25472b2c1ce06566872\"},\"headline\":\"Os novos proxectos centrados en enerx\u00edas renovables, sostibilidade e eficiencia volver\u00e1n destacar no espazo SIE de Enerx\u00e9tika 2024\",\"datePublished\":\"2024-02-29T10:23:24+00:00\",\"dateModified\":\"2024-02-29T10:27:09+00:00\",\"mainEntityOfPage\":{\"@id\":\"https:\/\/www.enerxetika.com\/gl\/los-nuevos-proyectos-centrados-en-energias-renovables-sostenibilidad-y-eficiencia-volveran-a-destacar-en-el-espacio-sie-de-enerxetika-2024\/\"},\"wordCount\":647,\"publisher\":{\"@id\":\"https:\/\/www.enerxetika.com\/gl\/#organization\"},\"articleSection\":[\"Uncategorized @gl\"],\"inLanguage\":\"gl-ES\"},{\"@type\":\"WebPage\",\"@id\":\"https:\/\/www.enerxetika.com\/gl\/los-nuevos-proyectos-centrados-en-energias-renovables-sostenibilidad-y-eficiencia-volveran-a-destacar-en-el-espacio-sie-de-enerxetika-2024\/\",\"url\":\"https:\/\/www.enerxetika.com\/gl\/los-nuevos-proyectos-centrados-en-energias-renovables-sostenibilidad-y-eficiencia-volveran-a-destacar-en-el-espacio-sie-de-enerxetika-2024\/\",\"name\":\"Os novos proxectos centrados en enerx\u00edas renovables, sostibilidade e eficiencia volver\u00e1n destacar no espazo SIE de Enerx\u00e9tika 2024 - ENERXETIKA\",\"isPartOf\":{\"@id\":\"https:\/\/www.enerxetika.com\/gl\/#website\"},\"datePublished\":\"2024-02-29T10:23:24+00:00\",\"dateModified\":\"2024-02-29T10:27:09+00:00\",\"breadcrumb\":{\"@id\":\"https:\/\/www.enerxetika.com\/gl\/los-nuevos-proyectos-centrados-en-energias-renovables-sostenibilidad-y-eficiencia-volveran-a-destacar-en-el-espacio-sie-de-enerxetika-2024\/#breadcrumb\"},\"inLanguage\":\"gl-ES\",\"potentialAction\":[{\"@type\":\"ReadAction\",\"target\":[\"https:\/\/www.enerxetika.com\/gl\/los-nuevos-proyectos-centrados-en-energias-renovables-sostenibilidad-y-eficiencia-volveran-a-destacar-en-el-espacio-sie-de-enerxetika-2024\/\"]}]},{\"@type\":\"BreadcrumbList\",\"@id\":\"https:\/\/www.enerxetika.com\/gl\/los-nuevos-proyectos-centrados-en-energias-renovables-sostenibilidad-y-eficiencia-volveran-a-destacar-en-el-espacio-sie-de-enerxetika-2024\/#breadcrumb\",\"itemListElement\":[{\"@type\":\"ListItem\",\"position\":1,\"name\":\"Portada\",\"item\":\"https:\/\/www.enerxetika.com\/gl\/\"},{\"@type\":\"ListItem\",\"position\":2,\"name\":\"Os novos proxectos centrados en enerx\u00edas renovables, sostibilidade e eficiencia volver\u00e1n destacar no espazo SIE de Enerx\u00e9tika 2024\"}]},{\"@type\":\"WebSite\",\"@id\":\"https:\/\/www.enerxetika.com\/gl\/#website\",\"url\":\"https:\/\/www.enerxetika.com\/gl\/\",\"name\":\"ENERXETIKA\",\"description\":\"Feria de la Energ\u00eda\",\"publisher\":{\"@id\":\"https:\/\/www.enerxetika.com\/gl\/#organization\"},\"potentialAction\":[{\"@type\":\"SearchAction\",\"target\":{\"@type\":\"EntryPoint\",\"urlTemplate\":\"https:\/\/www.enerxetika.com\/gl\/?s={search_term_string}\"},\"query-input\":\"required name=search_term_string\"}],\"inLanguage\":\"gl-ES\"},{\"@type\":\"Organization\",\"@id\":\"https:\/\/www.enerxetika.com\/gl\/#organization\",\"name\":\"ENERXETIKA\",\"url\":\"https:\/\/www.enerxetika.com\/gl\/\",\"logo\":{\"@type\":\"ImageObject\",\"inLanguage\":\"gl-ES\",\"@id\":\"https:\/\/www.enerxetika.com\/gl\/#\/schema\/logo\/image\/\",\"url\":\"\",\"contentUrl\":\"\",\"caption\":\"ENERXETIKA\"},\"image\":{\"@id\":\"https:\/\/www.enerxetika.com\/gl\/#\/schema\/logo\/image\/\"},\"sameAs\":[\"https:\/\/www.facebook.com\/enerxetika\",\"https:\/\/twitter.com\/enerxetika\",\"https:\/\/es.linkedin.com\/company\/feira-internacional-de-galicia---figa\"]},{\"@type\":\"Person\",\"@id\":\"https:\/\/www.enerxetika.com\/gl\/#\/schema\/person\/1fc7315d6712a25472b2c1ce06566872\",\"name\":\"admin@SedExpo\",\"image\":{\"@type\":\"ImageObject\",\"inLanguage\":\"gl-ES\",\"@id\":\"https:\/\/www.enerxetika.com\/gl\/#\/schema\/person\/image\/\",\"url\":\"https:\/\/secure.gravatar.com\/avatar\/2aee3a429c5c84b2486f82e4bb736b27e478d3632de0946f5aba7087273fe2cb?s=96&d=mm&r=g\",\"contentUrl\":\"https:\/\/secure.gravatar.com\/avatar\/2aee3a429c5c84b2486f82e4bb736b27e478d3632de0946f5aba7087273fe2cb?s=96&d=mm&r=g\",\"caption\":\"admin@SedExpo\"},\"url\":\"https:\/\/www.enerxetika.com\/gl\/author\/adminsedexpo\/\"}]}<\/script>\n<!-- \/ Yoast SEO plugin. -->","yoast_head_json":{"title":"Os novos proxectos centrados en enerx\u00edas renovables, sostibilidade e eficiencia volver\u00e1n destacar no espazo SIE de Enerx\u00e9tika 2024 - ENERXETIKA","robots":{"index":"index","follow":"follow","max-snippet":"max-snippet:-1","max-image-preview":"max-image-preview:large","max-video-preview":"max-video-preview:-1"},"canonical":"https:\/\/www.enerxetika.com\/gl\/los-nuevos-proyectos-centrados-en-energias-renovables-sostenibilidad-y-eficiencia-volveran-a-destacar-en-el-espacio-sie-de-enerxetika-2024\/","og_locale":"gl_ES","og_type":"article","og_title":"Os novos proxectos centrados en enerx\u00edas renovables, sostibilidade e eficiencia volver\u00e1n destacar no espazo SIE de Enerx\u00e9tika 2024 - ENERXETIKA","og_description":"TRAS O SEU \u00c9XITO NA PASADA CITA, ESTA \u00c1REA DE INNOVACI\u00d3N REGRESA \u00c1 CUARTA EDICI\u00d3N DA FEIRA, A CAL TER\u00c1 LUGAR DO 11 AO 13 DE ABRIL UN XURADO PROFESIONAL E INDEPENDIENTE FORMADO POR MEMBROS DO FORO ENEX\u00c9TICO DE GALICIA VALORAR\u00c1 TODOS AS PROPOSTAS REMITIDAS PARA DETERMINAR AS QUE FINALMENTE TER\u00c1N PRESENZA NO SAL\u00d3N Silleda, ... Ler m\u00e1is","og_url":"https:\/\/www.enerxetika.com\/gl\/los-nuevos-proyectos-centrados-en-energias-renovables-sostenibilidad-y-eficiencia-volveran-a-destacar-en-el-espacio-sie-de-enerxetika-2024\/","og_site_name":"ENERXETIKA","article_publisher":"https:\/\/www.facebook.com\/enerxetika","article_published_time":"2024-02-29T10:23:24+00:00","article_modified_time":"2024-02-29T10:27:09+00:00","og_image":[{"width":1500,"height":845,"url":"https:\/\/www.enerxetika.com\/wp-content\/uploads\/2024\/02\/SIE-en-Enerxetika-2022.jpg","type":"image\/jpeg"}],"author":"admin@SedExpo","twitter_card":"summary_large_image","twitter_creator":"@enerxetika","twitter_site":"@enerxetika","twitter_misc":{"Escrito por":"admin@SedExpo","Tempo de lectura":"3 minutos"},"schema":{"@context":"https:\/\/schema.org","@graph":[{"@type":"Article","@id":"https:\/\/www.enerxetika.com\/gl\/los-nuevos-proyectos-centrados-en-energias-renovables-sostenibilidad-y-eficiencia-volveran-a-destacar-en-el-espacio-sie-de-enerxetika-2024\/#article","isPartOf":{"@id":"https:\/\/www.enerxetika.com\/gl\/los-nuevos-proyectos-centrados-en-energias-renovables-sostenibilidad-y-eficiencia-volveran-a-destacar-en-el-espacio-sie-de-enerxetika-2024\/"},"author":{"name":"admin@SedExpo","@id":"https:\/\/www.enerxetika.com\/gl\/#\/schema\/person\/1fc7315d6712a25472b2c1ce06566872"},"headline":"Os novos proxectos centrados en enerx\u00edas renovables, sostibilidade e eficiencia volver\u00e1n destacar no espazo SIE de Enerx\u00e9tika 2024","datePublished":"2024-02-29T10:23:24+00:00","dateModified":"2024-02-29T10:27:09+00:00","mainEntityOfPage":{"@id":"https:\/\/www.enerxetika.com\/gl\/los-nuevos-proyectos-centrados-en-energias-renovables-sostenibilidad-y-eficiencia-volveran-a-destacar-en-el-espacio-sie-de-enerxetika-2024\/"},"wordCount":647,"publisher":{"@id":"https:\/\/www.enerxetika.com\/gl\/#organization"},"articleSection":["Uncategorized @gl"],"inLanguage":"gl-ES"},{"@type":"WebPage","@id":"https:\/\/www.enerxetika.com\/gl\/los-nuevos-proyectos-centrados-en-energias-renovables-sostenibilidad-y-eficiencia-volveran-a-destacar-en-el-espacio-sie-de-enerxetika-2024\/","url":"https:\/\/www.enerxetika.com\/gl\/los-nuevos-proyectos-centrados-en-energias-renovables-sostenibilidad-y-eficiencia-volveran-a-destacar-en-el-espacio-sie-de-enerxetika-2024\/","name":"Os novos proxectos centrados en enerx\u00edas renovables, sostibilidade e eficiencia volver\u00e1n destacar no espazo SIE de Enerx\u00e9tika 2024 - ENERXETIKA","isPartOf":{"@id":"https:\/\/www.enerxetika.com\/gl\/#website"},"datePublished":"2024-02-29T10:23:24+00:00","dateModified":"2024-02-29T10:27:09+00:00","breadcrumb":{"@id":"https:\/\/www.enerxetika.com\/gl\/los-nuevos-proyectos-centrados-en-energias-renovables-sostenibilidad-y-eficiencia-volveran-a-destacar-en-el-espacio-sie-de-enerxetika-2024\/#breadcrumb"},"inLanguage":"gl-ES","potentialAction":[{"@type":"ReadAction","target":["https:\/\/www.enerxetika.com\/gl\/los-nuevos-proyectos-centrados-en-energias-renovables-sostenibilidad-y-eficiencia-volveran-a-destacar-en-el-espacio-sie-de-enerxetika-2024\/"]}]},{"@type":"BreadcrumbList","@id":"https:\/\/www.enerxetika.com\/gl\/los-nuevos-proyectos-centrados-en-energias-renovables-sostenibilidad-y-eficiencia-volveran-a-destacar-en-el-espacio-sie-de-enerxetika-2024\/#breadcrumb","itemListElement":[{"@type":"ListItem","position":1,"name":"Portada","item":"https:\/\/www.enerxetika.com\/gl\/"},{"@type":"ListItem","position":2,"name":"Os novos proxectos centrados en enerx\u00edas renovables, sostibilidade e eficiencia volver\u00e1n destacar no espazo SIE de Enerx\u00e9tika 2024"}]},{"@type":"WebSite","@id":"https:\/\/www.enerxetika.com\/gl\/#website","url":"https:\/\/www.enerxetika.com\/gl\/","name":"ENERXETIKA","description":"Feria de la Energ\u00eda","publisher":{"@id":"https:\/\/www.enerxetika.com\/gl\/#organization"},"potentialAction":[{"@type":"SearchAction","target":{"@type":"EntryPoint","urlTemplate":"https:\/\/www.enerxetika.com\/gl\/?s={search_term_string}"},"query-input":"required name=search_term_string"}],"inLanguage":"gl-ES"},{"@type":"Organization","@id":"https:\/\/www.enerxetika.com\/gl\/#organization","name":"ENERXETIKA","url":"https:\/\/www.enerxetika.com\/gl\/","logo":{"@type":"ImageObject","inLanguage":"gl-ES","@id":"https:\/\/www.enerxetika.com\/gl\/#\/schema\/logo\/image\/","url":"","contentUrl":"","caption":"ENERXETIKA"},"image":{"@id":"https:\/\/www.enerxetika.com\/gl\/#\/schema\/logo\/image\/"},"sameAs":["https:\/\/www.facebook.com\/enerxetika","https:\/\/twitter.com\/enerxetika","https:\/\/es.linkedin.com\/company\/feira-internacional-de-galicia---figa"]},{"@type":"Person","@id":"https:\/\/www.enerxetika.com\/gl\/#\/schema\/person\/1fc7315d6712a25472b2c1ce06566872","name":"admin@SedExpo","image":{"@type":"ImageObject","inLanguage":"gl-ES","@id":"https:\/\/www.enerxetika.com\/gl\/#\/schema\/person\/image\/","url":"https:\/\/secure.gravatar.com\/avatar\/2aee3a429c5c84b2486f82e4bb736b27e478d3632de0946f5aba7087273fe2cb?s=96&d=mm&r=g","contentUrl":"https:\/\/secure.gravatar.com\/avatar\/2aee3a429c5c84b2486f82e4bb736b27e478d3632de0946f5aba7087273fe2cb?s=96&d=mm&r=g","caption":"admin@SedExpo"},"url":"https:\/\/www.enerxetika.com\/gl\/author\/adminsedexpo\/"}]}},"_links":{"self":[{"href":"https:\/\/www.enerxetika.com\/gl\/wp-json\/wp\/v2\/posts\/3606","targetHints":{"allow":["GET"]}}],"collection":[{"href":"https:\/\/www.enerxetika.com\/gl\/wp-json\/wp\/v2\/posts"}],"about":[{"href":"https:\/\/www.enerxetika.com\/gl\/wp-json\/wp\/v2\/types\/post"}],"author":[{"embeddable":true,"href":"https:\/\/www.enerxetika.com\/gl\/wp-json\/wp\/v2\/users\/1"}],"replies":[{"embeddable":true,"href":"https:\/\/www.enerxetika.com\/gl\/wp-json\/wp\/v2\/comments?post=3606"}],"version-history":[{"count":1,"href":"https:\/\/www.enerxetika.com\/gl\/wp-json\/wp\/v2\/posts\/3606\/revisions"}],"predecessor-version":[{"id":3607,"href":"https:\/\/www.enerxetika.com\/gl\/wp-json\/wp\/v2\/posts\/3606\/revisions\/3607"}],"wp:featuredmedia":[{"embeddable":true,"href":"https:\/\/www.enerxetika.com\/gl\/wp-json\/wp\/v2\/media\/3604"}],"wp:attachment":[{"href":"https:\/\/www.enerxetika.com\/gl\/wp-json\/wp\/v2\/media?parent=3606"}],"wp:term":[{"taxonomy":"category","embeddable":true,"href":"https:\/\/www.enerxetika.com\/gl\/wp-json\/wp\/v2\/categories?post=3606"},{"taxonomy":"post_tag","embeddable":true,"href":"https:\/\/www.enerxetika.com\/gl\/wp-json\/wp\/v2\/tags?post=3606"}],"curies":[{"name":"wp","href":"https:\/\/api.w.org\/{rel}","templated":true}]}}