{"id":3779,"date":"2024-03-15T11:18:15","date_gmt":"2024-03-15T11:18:15","guid":{"rendered":"https:\/\/www.enerxetika.com\/enerxetika-2024-une-fuerzas-con-la-federacion-de-empresas-de-la-reforma-y-rehabilitacion-de-galicia-que-representa-a-mas-de-700-entidades\/"},"modified":"2024-03-15T11:25:39","modified_gmt":"2024-03-15T11:25:39","slug":"enerxetika-2024-une-fuerzas-con-la-federacion-de-empresas-de-la-reforma-y-rehabilitacion-de-galicia-que-representa-a-mas-de-700-entidades","status":"publish","type":"post","link":"https:\/\/www.enerxetika.com\/gl\/enerxetika-2024-une-fuerzas-con-la-federacion-de-empresas-de-la-reforma-y-rehabilitacion-de-galicia-que-representa-a-mas-de-700-entidades\/","title":{"rendered":"Enerx\u00e9tika 2024 une forzas coa Federaci\u00f3n de Empresas da Reforma e Rehabilitaci\u00f3n de Galicia, que representa a m\u00e1is de 700 entidades"},"content":{"rendered":"<ul>\n<li><strong>VE\u00d1EN DE ASINAR UN ACORDO DE COLABORACI\u00d3N DE CARA \u00c1 VINDEIRA EDICI\u00d3N DO CERTAME, QUE TER\u00c1 LUGAR DO 11 AO 13 DE ABRIL NA FEIRA INTERNACIONAL DE GALICIA ABANCA<\/strong><\/li>\n<li><strong>ESTE CONVENIO CON FEDERGAL SUP\u00d3N UN IMPORTANTE RESPALDO PARA O SAL\u00d3N POLO PESO QUE TEN A AGRUPACI\u00d3N EMPRESARIAL, CONFORMADA POR SEIS ASOCIACI\u00d3NS DE GRAN RELEVANCIA NA COMUNIDADE GALEG<\/strong>A<\/li>\n<\/ul>\n<p><strong><em>Silleda, 15 de marzo de 2024.-<\/em><\/strong>\u00a0A feira de enerx\u00eda Enerx\u00e9tika, a cal celebrar\u00e1 a s\u00faa cuarta edici\u00f3n do 11 ao 13 de abril na Feira Internacional de Galicia ABANCA, uniu as s\u00faas forzas coa Federaci\u00f3n de Asociaci\u00f3ns de Empresas da Reforma e Rehabilitaci\u00f3n de Galicia (FEDERGAL).<\/p>\n<p><a href=\"https:\/\/federgal.gal\" target=\"_blank\" rel=\"noopener\"><img loading=\"lazy\" decoding=\"async\" class=\"size-medium wp-image-3669 alignleft\" src=\"https:\/\/www.enerxetika.com\/wp-content\/uploads\/2024\/03\/FEDERGAL-300x300.jpg\" alt=\"\" width=\"300\" height=\"300\" srcset=\"https:\/\/www.enerxetika.com\/wp-content\/uploads\/2024\/03\/FEDERGAL-300x300.jpg 300w, https:\/\/www.enerxetika.com\/wp-content\/uploads\/2024\/03\/FEDERGAL-150x150.jpg 150w, https:\/\/www.enerxetika.com\/wp-content\/uploads\/2024\/03\/FEDERGAL.jpg 640w\" sizes=\"auto, (max-width: 300px) 100vw, 300px\" \/><\/a>As\u00ed, este certame v\u00e9n de asinar un acordo de colaboraci\u00f3n con esta agrupaci\u00f3n que aglutina a seis importantes asociaci\u00f3ns galegas como son a Asociaci\u00f3n de Empresarios de Materiais para a Construci\u00f3n de Galicia (ASEMACO), Asociaci\u00f3n de Instaladores El\u00e9ctricos e de Telecomunicaci\u00f3ns de Ourense e Provincia (INSTALECTRO), Asociaci\u00f3n Industriais Electricistas e de Telecomunicaci\u00f3ns de A Coru\u00f1a (ASINEC), Asociaci\u00f3n Empresarial de Instaladores de A Coru\u00f1a (AGASCA), Asociaci\u00f3n Galega de Construci\u00f3n (AGALCO) e Asociaci\u00f3n de Empresas do Cerramento de Galicia (ACEGAL).<\/p>\n<p>Un convenio que sup\u00f3n un gran respaldo para a feira e que ten como obxectivo que ambas as entidades cooperen en reforzar o interese de Enerx\u00e9tika para empresas relacionadas coa pequena e mediana obra de reparaci\u00f3n, reforma e rehabilitaci\u00f3n.<\/p>\n<p>Para iso, ademais de estar presente a nivel expositivo nun espazo cedido pola organizaci\u00f3n, FEDERGAL implicarase tanto en aspectos organizativos da feira como no seu programa, no que non s\u00f3 achegar\u00e1 o seu amplo co\u00f1ecemento, sen\u00f3n que levar\u00e1 a cabo diversas propostas. As\u00ed, realizar\u00e1 xornadas t\u00e9cnicas, ademais de celebrar a s\u00faa asemblea de socios o \u00faltimo d\u00eda de feira.<\/p>\n<p><strong><em>\u00a0<\/em><\/strong><strong>Unha federaci\u00f3n con grandes cifras<\/strong><\/p>\n<p><strong><em>\u00a0<\/em><\/strong>A Federaci\u00f3n de Asociaci\u00f3ns de Empresas da Reforma e Rehabilitaci\u00f3n de Galicia (FEDERGAL), a primeira do seu sector, foi creada no ano 2021 co obxectivo de representar os intereses cruzados de todas as empresas galegas que se dedican a este sector de actividade.<\/p>\n<p>A\u00ednda que naceu da uni\u00f3n de tres das asociaci\u00f3ns que a conforman, posteriormente sum\u00e1ronse outras tres entidades, dando lugar a unha federaci\u00f3n con gran peso. Proba diso \u00e9 que representan a m\u00e1is de 700 empresas que xeran m\u00e1is de 5.000 postos de traballo en Galicia.<\/p>\n","protected":false},"excerpt":{"rendered":"<p>VE\u00d1EN DE ASINAR UN ACORDO DE COLABORACI\u00d3N DE CARA \u00c1 VINDEIRA EDICI\u00d3N DO CERTAME, QUE TER\u00c1 LUGAR DO 11 AO 13 DE ABRIL NA FEIRA INTERNACIONAL DE GALICIA ABANCA ESTE CONVENIO CON FEDERGAL SUP\u00d3N UN IMPORTANTE RESPALDO PARA O SAL\u00d3N POLO PESO QUE TEN A AGRUPACI\u00d3N EMPRESARIAL, CONFORMADA POR SEIS ASOCIACI\u00d3NS DE GRAN RELEVANCIA NA &#8230; <a title=\"Enerx\u00e9tika 2024 une forzas coa Federaci\u00f3n de Empresas da Reforma e Rehabilitaci\u00f3n de Galicia, que representa a m\u00e1is de 700 entidades\" class=\"read-more\" href=\"https:\/\/www.enerxetika.com\/gl\/enerxetika-2024-une-fuerzas-con-la-federacion-de-empresas-de-la-reforma-y-rehabilitacion-de-galicia-que-representa-a-mas-de-700-entidades\/\" aria-label=\"M\u00e1is en Enerx\u00e9tika 2024 une forzas coa Federaci\u00f3n de Empresas da Reforma e Rehabilitaci\u00f3n de Galicia, que representa a m\u00e1is de 700 entidades\">Ler m\u00e1is<\/a><\/p>\n","protected":false},"author":1,"featured_media":3775,"comment_status":"closed","ping_status":"closed","sticky":false,"template":"","format":"standard","meta":{"footnotes":""},"categories":[18],"tags":[],"class_list":["post-3779","post","type-post","status-publish","format-standard","has-post-thumbnail","hentry","category-uncategorized-gl"],"acf":[],"yoast_head":"<!-- This site is optimized with the Yoast SEO plugin v20.4 - https:\/\/yoast.com\/wordpress\/plugins\/seo\/ -->\n<title>Enerx\u00e9tika 2024 une forzas coa Federaci\u00f3n de Empresas da Reforma e Rehabilitaci\u00f3n de Galicia, que representa a m\u00e1is de 700 entidades - ENERXETIKA<\/title>\n<meta name=\"robots\" content=\"index, follow, max-snippet:-1, max-image-preview:large, max-video-preview:-1\" \/>\n<link rel=\"canonical\" href=\"https:\/\/www.enerxetika.com\/gl\/enerxetika-2024-une-fuerzas-con-la-federacion-de-empresas-de-la-reforma-y-rehabilitacion-de-galicia-que-representa-a-mas-de-700-entidades\/\" \/>\n<meta property=\"og:locale\" content=\"gl_ES\" \/>\n<meta property=\"og:type\" content=\"article\" \/>\n<meta property=\"og:title\" content=\"Enerx\u00e9tika 2024 une forzas coa Federaci\u00f3n de Empresas da Reforma e Rehabilitaci\u00f3n de Galicia, que representa a m\u00e1is de 700 entidades - ENERXETIKA\" \/>\n<meta property=\"og:description\" content=\"VE\u00d1EN DE ASINAR UN ACORDO DE COLABORACI\u00d3N DE CARA \u00c1 VINDEIRA EDICI\u00d3N DO CERTAME, QUE TER\u00c1 LUGAR DO 11 AO 13 DE ABRIL NA FEIRA INTERNACIONAL DE GALICIA ABANCA ESTE CONVENIO CON FEDERGAL SUP\u00d3N UN IMPORTANTE RESPALDO PARA O SAL\u00d3N POLO PESO QUE TEN A AGRUPACI\u00d3N EMPRESARIAL, CONFORMADA POR SEIS ASOCIACI\u00d3NS DE GRAN RELEVANCIA NA ... Ler m\u00e1is\" \/>\n<meta property=\"og:url\" content=\"https:\/\/www.enerxetika.com\/gl\/enerxetika-2024-une-fuerzas-con-la-federacion-de-empresas-de-la-reforma-y-rehabilitacion-de-galicia-que-representa-a-mas-de-700-entidades\/\" \/>\n<meta property=\"og:site_name\" content=\"ENERXETIKA\" \/>\n<meta property=\"article:publisher\" content=\"https:\/\/www.facebook.com\/enerxetika\" \/>\n<meta property=\"article:published_time\" content=\"2024-03-15T11:18:15+00:00\" \/>\n<meta property=\"article:modified_time\" content=\"2024-03-15T11:25:39+00:00\" \/>\n<meta property=\"og:image\" content=\"https:\/\/www.enerxetika.com\/wp-content\/uploads\/2024\/03\/Vista-Enerxerika-2022-DSC03566.jpg\" \/>\n\t<meta property=\"og:image:width\" content=\"1500\" \/>\n\t<meta property=\"og:image:height\" content=\"844\" \/>\n\t<meta property=\"og:image:type\" content=\"image\/jpeg\" \/>\n<meta name=\"author\" content=\"admin@SedExpo\" \/>\n<meta name=\"twitter:card\" content=\"summary_large_image\" \/>\n<meta name=\"twitter:creator\" content=\"@enerxetika\" \/>\n<meta name=\"twitter:site\" content=\"@enerxetika\" \/>\n<meta name=\"twitter:label1\" content=\"Escrito por\" \/>\n\t<meta name=\"twitter:data1\" content=\"admin@SedExpo\" \/>\n\t<meta name=\"twitter:label2\" content=\"Tempo de lectura\" \/>\n\t<meta name=\"twitter:data2\" content=\"2 minutos\" \/>\n<script type=\"application\/ld+json\" class=\"yoast-schema-graph\">{\"@context\":\"https:\/\/schema.org\",\"@graph\":[{\"@type\":\"Article\",\"@id\":\"https:\/\/www.enerxetika.com\/gl\/enerxetika-2024-une-fuerzas-con-la-federacion-de-empresas-de-la-reforma-y-rehabilitacion-de-galicia-que-representa-a-mas-de-700-entidades\/#article\",\"isPartOf\":{\"@id\":\"https:\/\/www.enerxetika.com\/gl\/enerxetika-2024-une-fuerzas-con-la-federacion-de-empresas-de-la-reforma-y-rehabilitacion-de-galicia-que-representa-a-mas-de-700-entidades\/\"},\"author\":{\"name\":\"admin@SedExpo\",\"@id\":\"https:\/\/www.enerxetika.com\/gl\/#\/schema\/person\/1fc7315d6712a25472b2c1ce06566872\"},\"headline\":\"Enerx\u00e9tika 2024 une forzas coa Federaci\u00f3n de Empresas da Reforma e Rehabilitaci\u00f3n de Galicia, que representa a m\u00e1is de 700 entidades\",\"datePublished\":\"2024-03-15T11:18:15+00:00\",\"dateModified\":\"2024-03-15T11:25:39+00:00\",\"mainEntityOfPage\":{\"@id\":\"https:\/\/www.enerxetika.com\/gl\/enerxetika-2024-une-fuerzas-con-la-federacion-de-empresas-de-la-reforma-y-rehabilitacion-de-galicia-que-representa-a-mas-de-700-entidades\/\"},\"wordCount\":439,\"publisher\":{\"@id\":\"https:\/\/www.enerxetika.com\/gl\/#organization\"},\"articleSection\":[\"Uncategorized @gl\"],\"inLanguage\":\"gl-ES\"},{\"@type\":\"WebPage\",\"@id\":\"https:\/\/www.enerxetika.com\/gl\/enerxetika-2024-une-fuerzas-con-la-federacion-de-empresas-de-la-reforma-y-rehabilitacion-de-galicia-que-representa-a-mas-de-700-entidades\/\",\"url\":\"https:\/\/www.enerxetika.com\/gl\/enerxetika-2024-une-fuerzas-con-la-federacion-de-empresas-de-la-reforma-y-rehabilitacion-de-galicia-que-representa-a-mas-de-700-entidades\/\",\"name\":\"Enerx\u00e9tika 2024 une forzas coa Federaci\u00f3n de Empresas da Reforma e Rehabilitaci\u00f3n de Galicia, que representa a m\u00e1is de 700 entidades - ENERXETIKA\",\"isPartOf\":{\"@id\":\"https:\/\/www.enerxetika.com\/gl\/#website\"},\"datePublished\":\"2024-03-15T11:18:15+00:00\",\"dateModified\":\"2024-03-15T11:25:39+00:00\",\"breadcrumb\":{\"@id\":\"https:\/\/www.enerxetika.com\/gl\/enerxetika-2024-une-fuerzas-con-la-federacion-de-empresas-de-la-reforma-y-rehabilitacion-de-galicia-que-representa-a-mas-de-700-entidades\/#breadcrumb\"},\"inLanguage\":\"gl-ES\",\"potentialAction\":[{\"@type\":\"ReadAction\",\"target\":[\"https:\/\/www.enerxetika.com\/gl\/enerxetika-2024-une-fuerzas-con-la-federacion-de-empresas-de-la-reforma-y-rehabilitacion-de-galicia-que-representa-a-mas-de-700-entidades\/\"]}]},{\"@type\":\"BreadcrumbList\",\"@id\":\"https:\/\/www.enerxetika.com\/gl\/enerxetika-2024-une-fuerzas-con-la-federacion-de-empresas-de-la-reforma-y-rehabilitacion-de-galicia-que-representa-a-mas-de-700-entidades\/#breadcrumb\",\"itemListElement\":[{\"@type\":\"ListItem\",\"position\":1,\"name\":\"Portada\",\"item\":\"https:\/\/www.enerxetika.com\/gl\/\"},{\"@type\":\"ListItem\",\"position\":2,\"name\":\"Enerx\u00e9tika 2024 une forzas coa Federaci\u00f3n de Empresas da Reforma e Rehabilitaci\u00f3n de Galicia, que representa a m\u00e1is de 700 entidades\"}]},{\"@type\":\"WebSite\",\"@id\":\"https:\/\/www.enerxetika.com\/gl\/#website\",\"url\":\"https:\/\/www.enerxetika.com\/gl\/\",\"name\":\"ENERXETIKA\",\"description\":\"Feria de la Energ\u00eda\",\"publisher\":{\"@id\":\"https:\/\/www.enerxetika.com\/gl\/#organization\"},\"potentialAction\":[{\"@type\":\"SearchAction\",\"target\":{\"@type\":\"EntryPoint\",\"urlTemplate\":\"https:\/\/www.enerxetika.com\/gl\/?s={search_term_string}\"},\"query-input\":\"required name=search_term_string\"}],\"inLanguage\":\"gl-ES\"},{\"@type\":\"Organization\",\"@id\":\"https:\/\/www.enerxetika.com\/gl\/#organization\",\"name\":\"ENERXETIKA\",\"url\":\"https:\/\/www.enerxetika.com\/gl\/\",\"logo\":{\"@type\":\"ImageObject\",\"inLanguage\":\"gl-ES\",\"@id\":\"https:\/\/www.enerxetika.com\/gl\/#\/schema\/logo\/image\/\",\"url\":\"\",\"contentUrl\":\"\",\"caption\":\"ENERXETIKA\"},\"image\":{\"@id\":\"https:\/\/www.enerxetika.com\/gl\/#\/schema\/logo\/image\/\"},\"sameAs\":[\"https:\/\/www.facebook.com\/enerxetika\",\"https:\/\/twitter.com\/enerxetika\",\"https:\/\/es.linkedin.com\/company\/feira-internacional-de-galicia---figa\"]},{\"@type\":\"Person\",\"@id\":\"https:\/\/www.enerxetika.com\/gl\/#\/schema\/person\/1fc7315d6712a25472b2c1ce06566872\",\"name\":\"admin@SedExpo\",\"image\":{\"@type\":\"ImageObject\",\"inLanguage\":\"gl-ES\",\"@id\":\"https:\/\/www.enerxetika.com\/gl\/#\/schema\/person\/image\/\",\"url\":\"https:\/\/secure.gravatar.com\/avatar\/2aee3a429c5c84b2486f82e4bb736b27e478d3632de0946f5aba7087273fe2cb?s=96&d=mm&r=g\",\"contentUrl\":\"https:\/\/secure.gravatar.com\/avatar\/2aee3a429c5c84b2486f82e4bb736b27e478d3632de0946f5aba7087273fe2cb?s=96&d=mm&r=g\",\"caption\":\"admin@SedExpo\"},\"url\":\"https:\/\/www.enerxetika.com\/gl\/author\/adminsedexpo\/\"}]}<\/script>\n<!-- \/ Yoast SEO plugin. -->","yoast_head_json":{"title":"Enerx\u00e9tika 2024 une forzas coa Federaci\u00f3n de Empresas da Reforma e Rehabilitaci\u00f3n de Galicia, que representa a m\u00e1is de 700 entidades - ENERXETIKA","robots":{"index":"index","follow":"follow","max-snippet":"max-snippet:-1","max-image-preview":"max-image-preview:large","max-video-preview":"max-video-preview:-1"},"canonical":"https:\/\/www.enerxetika.com\/gl\/enerxetika-2024-une-fuerzas-con-la-federacion-de-empresas-de-la-reforma-y-rehabilitacion-de-galicia-que-representa-a-mas-de-700-entidades\/","og_locale":"gl_ES","og_type":"article","og_title":"Enerx\u00e9tika 2024 une forzas coa Federaci\u00f3n de Empresas da Reforma e Rehabilitaci\u00f3n de Galicia, que representa a m\u00e1is de 700 entidades - ENERXETIKA","og_description":"VE\u00d1EN DE ASINAR UN ACORDO DE COLABORACI\u00d3N DE CARA \u00c1 VINDEIRA EDICI\u00d3N DO CERTAME, QUE TER\u00c1 LUGAR DO 11 AO 13 DE ABRIL NA FEIRA INTERNACIONAL DE GALICIA ABANCA ESTE CONVENIO CON FEDERGAL SUP\u00d3N UN IMPORTANTE RESPALDO PARA O SAL\u00d3N POLO PESO QUE TEN A AGRUPACI\u00d3N EMPRESARIAL, CONFORMADA POR SEIS ASOCIACI\u00d3NS DE GRAN RELEVANCIA NA ... Ler m\u00e1is","og_url":"https:\/\/www.enerxetika.com\/gl\/enerxetika-2024-une-fuerzas-con-la-federacion-de-empresas-de-la-reforma-y-rehabilitacion-de-galicia-que-representa-a-mas-de-700-entidades\/","og_site_name":"ENERXETIKA","article_publisher":"https:\/\/www.facebook.com\/enerxetika","article_published_time":"2024-03-15T11:18:15+00:00","article_modified_time":"2024-03-15T11:25:39+00:00","og_image":[{"width":1500,"height":844,"url":"https:\/\/www.enerxetika.com\/wp-content\/uploads\/2024\/03\/Vista-Enerxerika-2022-DSC03566.jpg","type":"image\/jpeg"}],"author":"admin@SedExpo","twitter_card":"summary_large_image","twitter_creator":"@enerxetika","twitter_site":"@enerxetika","twitter_misc":{"Escrito por":"admin@SedExpo","Tempo de lectura":"2 minutos"},"schema":{"@context":"https:\/\/schema.org","@graph":[{"@type":"Article","@id":"https:\/\/www.enerxetika.com\/gl\/enerxetika-2024-une-fuerzas-con-la-federacion-de-empresas-de-la-reforma-y-rehabilitacion-de-galicia-que-representa-a-mas-de-700-entidades\/#article","isPartOf":{"@id":"https:\/\/www.enerxetika.com\/gl\/enerxetika-2024-une-fuerzas-con-la-federacion-de-empresas-de-la-reforma-y-rehabilitacion-de-galicia-que-representa-a-mas-de-700-entidades\/"},"author":{"name":"admin@SedExpo","@id":"https:\/\/www.enerxetika.com\/gl\/#\/schema\/person\/1fc7315d6712a25472b2c1ce06566872"},"headline":"Enerx\u00e9tika 2024 une forzas coa Federaci\u00f3n de Empresas da Reforma e Rehabilitaci\u00f3n de Galicia, que representa a m\u00e1is de 700 entidades","datePublished":"2024-03-15T11:18:15+00:00","dateModified":"2024-03-15T11:25:39+00:00","mainEntityOfPage":{"@id":"https:\/\/www.enerxetika.com\/gl\/enerxetika-2024-une-fuerzas-con-la-federacion-de-empresas-de-la-reforma-y-rehabilitacion-de-galicia-que-representa-a-mas-de-700-entidades\/"},"wordCount":439,"publisher":{"@id":"https:\/\/www.enerxetika.com\/gl\/#organization"},"articleSection":["Uncategorized @gl"],"inLanguage":"gl-ES"},{"@type":"WebPage","@id":"https:\/\/www.enerxetika.com\/gl\/enerxetika-2024-une-fuerzas-con-la-federacion-de-empresas-de-la-reforma-y-rehabilitacion-de-galicia-que-representa-a-mas-de-700-entidades\/","url":"https:\/\/www.enerxetika.com\/gl\/enerxetika-2024-une-fuerzas-con-la-federacion-de-empresas-de-la-reforma-y-rehabilitacion-de-galicia-que-representa-a-mas-de-700-entidades\/","name":"Enerx\u00e9tika 2024 une forzas coa Federaci\u00f3n de Empresas da Reforma e Rehabilitaci\u00f3n de Galicia, que representa a m\u00e1is de 700 entidades - ENERXETIKA","isPartOf":{"@id":"https:\/\/www.enerxetika.com\/gl\/#website"},"datePublished":"2024-03-15T11:18:15+00:00","dateModified":"2024-03-15T11:25:39+00:00","breadcrumb":{"@id":"https:\/\/www.enerxetika.com\/gl\/enerxetika-2024-une-fuerzas-con-la-federacion-de-empresas-de-la-reforma-y-rehabilitacion-de-galicia-que-representa-a-mas-de-700-entidades\/#breadcrumb"},"inLanguage":"gl-ES","potentialAction":[{"@type":"ReadAction","target":["https:\/\/www.enerxetika.com\/gl\/enerxetika-2024-une-fuerzas-con-la-federacion-de-empresas-de-la-reforma-y-rehabilitacion-de-galicia-que-representa-a-mas-de-700-entidades\/"]}]},{"@type":"BreadcrumbList","@id":"https:\/\/www.enerxetika.com\/gl\/enerxetika-2024-une-fuerzas-con-la-federacion-de-empresas-de-la-reforma-y-rehabilitacion-de-galicia-que-representa-a-mas-de-700-entidades\/#breadcrumb","itemListElement":[{"@type":"ListItem","position":1,"name":"Portada","item":"https:\/\/www.enerxetika.com\/gl\/"},{"@type":"ListItem","position":2,"name":"Enerx\u00e9tika 2024 une forzas coa Federaci\u00f3n de Empresas da Reforma e Rehabilitaci\u00f3n de Galicia, que representa a m\u00e1is de 700 entidades"}]},{"@type":"WebSite","@id":"https:\/\/www.enerxetika.com\/gl\/#website","url":"https:\/\/www.enerxetika.com\/gl\/","name":"ENERXETIKA","description":"Feria de la Energ\u00eda","publisher":{"@id":"https:\/\/www.enerxetika.com\/gl\/#organization"},"potentialAction":[{"@type":"SearchAction","target":{"@type":"EntryPoint","urlTemplate":"https:\/\/www.enerxetika.com\/gl\/?s={search_term_string}"},"query-input":"required name=search_term_string"}],"inLanguage":"gl-ES"},{"@type":"Organization","@id":"https:\/\/www.enerxetika.com\/gl\/#organization","name":"ENERXETIKA","url":"https:\/\/www.enerxetika.com\/gl\/","logo":{"@type":"ImageObject","inLanguage":"gl-ES","@id":"https:\/\/www.enerxetika.com\/gl\/#\/schema\/logo\/image\/","url":"","contentUrl":"","caption":"ENERXETIKA"},"image":{"@id":"https:\/\/www.enerxetika.com\/gl\/#\/schema\/logo\/image\/"},"sameAs":["https:\/\/www.facebook.com\/enerxetika","https:\/\/twitter.com\/enerxetika","https:\/\/es.linkedin.com\/company\/feira-internacional-de-galicia---figa"]},{"@type":"Person","@id":"https:\/\/www.enerxetika.com\/gl\/#\/schema\/person\/1fc7315d6712a25472b2c1ce06566872","name":"admin@SedExpo","image":{"@type":"ImageObject","inLanguage":"gl-ES","@id":"https:\/\/www.enerxetika.com\/gl\/#\/schema\/person\/image\/","url":"https:\/\/secure.gravatar.com\/avatar\/2aee3a429c5c84b2486f82e4bb736b27e478d3632de0946f5aba7087273fe2cb?s=96&d=mm&r=g","contentUrl":"https:\/\/secure.gravatar.com\/avatar\/2aee3a429c5c84b2486f82e4bb736b27e478d3632de0946f5aba7087273fe2cb?s=96&d=mm&r=g","caption":"admin@SedExpo"},"url":"https:\/\/www.enerxetika.com\/gl\/author\/adminsedexpo\/"}]}},"_links":{"self":[{"href":"https:\/\/www.enerxetika.com\/gl\/wp-json\/wp\/v2\/posts\/3779","targetHints":{"allow":["GET"]}}],"collection":[{"href":"https:\/\/www.enerxetika.com\/gl\/wp-json\/wp\/v2\/posts"}],"about":[{"href":"https:\/\/www.enerxetika.com\/gl\/wp-json\/wp\/v2\/types\/post"}],"author":[{"embeddable":true,"href":"https:\/\/www.enerxetika.com\/gl\/wp-json\/wp\/v2\/users\/1"}],"replies":[{"embeddable":true,"href":"https:\/\/www.enerxetika.com\/gl\/wp-json\/wp\/v2\/comments?post=3779"}],"version-history":[{"count":1,"href":"https:\/\/www.enerxetika.com\/gl\/wp-json\/wp\/v2\/posts\/3779\/revisions"}],"predecessor-version":[{"id":3780,"href":"https:\/\/www.enerxetika.com\/gl\/wp-json\/wp\/v2\/posts\/3779\/revisions\/3780"}],"wp:featuredmedia":[{"embeddable":true,"href":"https:\/\/www.enerxetika.com\/gl\/wp-json\/wp\/v2\/media\/3775"}],"wp:attachment":[{"href":"https:\/\/www.enerxetika.com\/gl\/wp-json\/wp\/v2\/media?parent=3779"}],"wp:term":[{"taxonomy":"category","embeddable":true,"href":"https:\/\/www.enerxetika.com\/gl\/wp-json\/wp\/v2\/categories?post=3779"},{"taxonomy":"post_tag","embeddable":true,"href":"https:\/\/www.enerxetika.com\/gl\/wp-json\/wp\/v2\/tags?post=3779"}],"curies":[{"name":"wp","href":"https:\/\/api.w.org\/{rel}","templated":true}]}}