{"id":3856,"date":"2024-04-04T13:45:34","date_gmt":"2024-04-04T13:45:34","guid":{"rendered":"https:\/\/www.enerxetika.com\/enerxetika-2024-una-oportunidad-para-probar-vehiculos-con-combustibles-alternativos-de-ultima-generacion-y-prestigiosas-marcas\/"},"modified":"2024-04-04T13:54:00","modified_gmt":"2024-04-04T13:54:00","slug":"enerxetika-2024-una-oportunidad-para-probar-vehiculos-con-combustibles-alternativos-de-ultima-generacion-y-prestigiosas-marcas","status":"publish","type":"post","link":"https:\/\/www.enerxetika.com\/gl\/enerxetika-2024-una-oportunidad-para-probar-vehiculos-con-combustibles-alternativos-de-ultima-generacion-y-prestigiosas-marcas\/","title":{"rendered":"Enerx\u00e9tika 2024, unha oportunidade para probar veh\u00edculos con combustibles alternativos de \u00faltima xeraci\u00f3n e prestixiosas marcas"},"content":{"rendered":"<ul>\n<li><strong>A FEIRA CONTAR\u00c1 NA S\u00daA EXPOSICI\u00d3N CON INTERESANTES PROPOSTAS DE TESLA, PORSCHE, AUDI, VOLKSWAGEN, MERCEDES, NISSAN, LEXUS E TOYOTA, MOITAS DAS CALES PODER\u00c1N SER CONDUCIDAS POLOS VISITANTES<\/strong><\/li>\n<li><strong>ESTE CERTAME DO SECTOR DA ENERX\u00cdA CELEBRA A S\u00daA CUARTA EDICI\u00d3N DO 11 AO 13 DE ABRIL NA FEIRA INTERNACIONAL DE GALICIA ABANCA<\/strong><\/li>\n<\/ul>\n<p><strong><em>Silleda, 4 de abril de 2024.- <\/em><\/strong>A feira Enerx\u00e9tika, a cal celebrar\u00e1 a s\u00faa cuarta edici\u00f3n do 11 ao 13 de abril no recinto Feira Internacional de Galicia ABANCA (Silleda, Pontevedra), ofrecer\u00e1 aos seus visitantes a posibilidade de co\u00f1ecer as particularidades e vantaxes da mobilidade sostible a trav\u00e9s de distintas propostas.<\/p>\n<p>As\u00ed, a s\u00faa \u00e1rea expositiva, mostrar\u00e1 veh\u00edculos el\u00e9ctricos, h\u00edbridos e de hidr\u00f3xeno de \u00faltima xeraci\u00f3n de prestixiosas marcas, podendo probarse boa parte deles nos espazos exteriores do recinto.<\/p>\n<p>As\u00ed, estar\u00e1 presente a firma Tesla, que permitir\u00e1 conducir os seus el\u00e9ctricos Model 3 e Model Y, ademais de expo\u00f1er este \u00faltimo modelo na s\u00faa zona expositiva. De man de Centro Porsche Vigo poderase ver e probar o modelo 100% el\u00e9ctrico Porsche Taycan, estando en exposici\u00f3n o Taycan 4 Cross Turismo, o Taycan 4S e o Taycan 4S Cross Turismo.<\/p>\n<p>Pola s\u00faa banda, RoferVigo mostrar\u00e1 os Nissan Ariya (100% el\u00e9ctrico), Juke (Hybrid), Qashqai (e-POWER) e X-Trail (e-POWER), po\u00f1endo ao dispor do p\u00fablico unha unidade destes dous \u00faltimos para que poida experimentar a s\u00faa conduci\u00f3n.<\/p>\n<p>As\u00ed mesmo, o Grupo Breog\u00e1n de automoci\u00f3n mostrar\u00e1 cinco modelos de Lexus, o RZ, primeiro veh\u00edculo desenvolvido baixo plataforma 100% el\u00e9ctrica; o UX el\u00e9ctrico, o Lexus NX na s\u00faa versi\u00f3n h\u00edbrida enchufable e dous h\u00edbridos autorrecargables, o novo LBX e a s\u00faa berlina de representaci\u00f3n, o Lexus ES 300h. Ademais, expo\u00f1er\u00e1 tres veh\u00edculos de hidr\u00f3xeno de Toyota, dos cales un poder\u00e1 ser probado polos asistentes.<\/p>\n<p>Tam\u00e9n Vepersa mostrar\u00e1n os el\u00e9ctricos Audi Q4, Volkswagen ID3 e Volkswagen ID Buzz, pod\u00e9ndose probar nas zonas exteriores do recinto os dous primeiros.<\/p>\n<p>Por outra banda, os asistentes tam\u00e9n poder\u00e1n co\u00f1ecer as caracter\u00edsticas dun el\u00e9ctrico de Mercedes que estar\u00e1 exposto no stand de Iberdrola.<\/p>\n<p><strong>Quedada de propietarios de veh\u00edculos de Tesla<\/strong><\/p>\n<p>O \u00faltimo d\u00eda da feira, o s\u00e1bado 13 de abril, a feira acoller\u00e1 unha quedada organizada por unha asociaci\u00f3n de propietarios de veh\u00edculos Tesla. Nela os asistentes realizar\u00e1n un show cunha das funcionalidades destes veh\u00edculos, o seu espect\u00e1culo de luces, que permite acender as luces ao ritmo da m\u00fasica e mesmo abrir o maleteiro e as xanelas nalg\u00fans<\/p>\n","protected":false},"excerpt":{"rendered":"<p>A FEIRA CONTAR\u00c1 NA S\u00daA EXPOSICI\u00d3N CON INTERESANTES PROPOSTAS DE TESLA, PORSCHE, AUDI, VOLKSWAGEN, MERCEDES, NISSAN, LEXUS E TOYOTA, MOITAS DAS CALES PODER\u00c1N SER CONDUCIDAS POLOS VISITANTES ESTE CERTAME DO SECTOR DA ENERX\u00cdA CELEBRA A S\u00daA CUARTA EDICI\u00d3N DO 11 AO 13 DE ABRIL NA FEIRA INTERNACIONAL DE GALICIA ABANCA Silleda, 4 de abril de &#8230; <a title=\"Enerx\u00e9tika 2024, unha oportunidade para probar veh\u00edculos con combustibles alternativos de \u00faltima xeraci\u00f3n e prestixiosas marcas\" class=\"read-more\" href=\"https:\/\/www.enerxetika.com\/gl\/enerxetika-2024-una-oportunidad-para-probar-vehiculos-con-combustibles-alternativos-de-ultima-generacion-y-prestigiosas-marcas\/\" aria-label=\"M\u00e1is en Enerx\u00e9tika 2024, unha oportunidade para probar veh\u00edculos con combustibles alternativos de \u00faltima xeraci\u00f3n e prestixiosas marcas\">Ler m\u00e1is<\/a><\/p>\n","protected":false},"author":1,"featured_media":3854,"comment_status":"closed","ping_status":"closed","sticky":false,"template":"","format":"standard","meta":{"footnotes":""},"categories":[18],"tags":[],"class_list":["post-3856","post","type-post","status-publish","format-standard","has-post-thumbnail","hentry","category-uncategorized-gl"],"acf":[],"yoast_head":"<!-- This site is optimized with the Yoast SEO plugin v20.4 - https:\/\/yoast.com\/wordpress\/plugins\/seo\/ -->\n<title>Enerx\u00e9tika 2024, unha oportunidade para probar veh\u00edculos con combustibles alternativos de \u00faltima xeraci\u00f3n e prestixiosas marcas - ENERXETIKA<\/title>\n<meta name=\"robots\" content=\"index, follow, max-snippet:-1, max-image-preview:large, max-video-preview:-1\" \/>\n<link rel=\"canonical\" href=\"https:\/\/www.enerxetika.com\/gl\/enerxetika-2024-una-oportunidad-para-probar-vehiculos-con-combustibles-alternativos-de-ultima-generacion-y-prestigiosas-marcas\/\" \/>\n<meta property=\"og:locale\" content=\"gl_ES\" \/>\n<meta property=\"og:type\" content=\"article\" \/>\n<meta property=\"og:title\" content=\"Enerx\u00e9tika 2024, unha oportunidade para probar veh\u00edculos con combustibles alternativos de \u00faltima xeraci\u00f3n e prestixiosas marcas - ENERXETIKA\" \/>\n<meta property=\"og:description\" content=\"A FEIRA CONTAR\u00c1 NA S\u00daA EXPOSICI\u00d3N CON INTERESANTES PROPOSTAS DE TESLA, PORSCHE, AUDI, VOLKSWAGEN, MERCEDES, NISSAN, LEXUS E TOYOTA, MOITAS DAS CALES PODER\u00c1N SER CONDUCIDAS POLOS VISITANTES ESTE CERTAME DO SECTOR DA ENERX\u00cdA CELEBRA A S\u00daA CUARTA EDICI\u00d3N DO 11 AO 13 DE ABRIL NA FEIRA INTERNACIONAL DE GALICIA ABANCA Silleda, 4 de abril de ... Ler m\u00e1is\" \/>\n<meta property=\"og:url\" content=\"https:\/\/www.enerxetika.com\/gl\/enerxetika-2024-una-oportunidad-para-probar-vehiculos-con-combustibles-alternativos-de-ultima-generacion-y-prestigiosas-marcas\/\" \/>\n<meta property=\"og:site_name\" content=\"ENERXETIKA\" \/>\n<meta property=\"article:publisher\" content=\"https:\/\/www.facebook.com\/enerxetika\" \/>\n<meta property=\"article:published_time\" content=\"2024-04-04T13:45:34+00:00\" \/>\n<meta property=\"article:modified_time\" content=\"2024-04-04T13:54:00+00:00\" \/>\n<meta property=\"og:image\" content=\"https:\/\/www.enerxetika.com\/wp-content\/uploads\/2024\/04\/Vehiculo-con-combustible-alternativa-en-Enerxetika-2022.jpg\" \/>\n\t<meta property=\"og:image:width\" content=\"1500\" \/>\n\t<meta property=\"og:image:height\" content=\"845\" \/>\n\t<meta property=\"og:image:type\" content=\"image\/jpeg\" \/>\n<meta name=\"author\" content=\"admin@SedExpo\" \/>\n<meta name=\"twitter:card\" content=\"summary_large_image\" \/>\n<meta name=\"twitter:creator\" content=\"@enerxetika\" \/>\n<meta name=\"twitter:site\" content=\"@enerxetika\" \/>\n<meta name=\"twitter:label1\" content=\"Escrito por\" \/>\n\t<meta name=\"twitter:data1\" content=\"admin@SedExpo\" \/>\n\t<meta name=\"twitter:label2\" content=\"Tempo de lectura\" \/>\n\t<meta name=\"twitter:data2\" content=\"2 minutos\" \/>\n<script type=\"application\/ld+json\" class=\"yoast-schema-graph\">{\"@context\":\"https:\/\/schema.org\",\"@graph\":[{\"@type\":\"Article\",\"@id\":\"https:\/\/www.enerxetika.com\/gl\/enerxetika-2024-una-oportunidad-para-probar-vehiculos-con-combustibles-alternativos-de-ultima-generacion-y-prestigiosas-marcas\/#article\",\"isPartOf\":{\"@id\":\"https:\/\/www.enerxetika.com\/gl\/enerxetika-2024-una-oportunidad-para-probar-vehiculos-con-combustibles-alternativos-de-ultima-generacion-y-prestigiosas-marcas\/\"},\"author\":{\"name\":\"admin@SedExpo\",\"@id\":\"https:\/\/www.enerxetika.com\/gl\/#\/schema\/person\/1fc7315d6712a25472b2c1ce06566872\"},\"headline\":\"Enerx\u00e9tika 2024, unha oportunidade para probar veh\u00edculos con combustibles alternativos de \u00faltima xeraci\u00f3n e prestixiosas marcas\",\"datePublished\":\"2024-04-04T13:45:34+00:00\",\"dateModified\":\"2024-04-04T13:54:00+00:00\",\"mainEntityOfPage\":{\"@id\":\"https:\/\/www.enerxetika.com\/gl\/enerxetika-2024-una-oportunidad-para-probar-vehiculos-con-combustibles-alternativos-de-ultima-generacion-y-prestigiosas-marcas\/\"},\"wordCount\":465,\"publisher\":{\"@id\":\"https:\/\/www.enerxetika.com\/gl\/#organization\"},\"articleSection\":[\"Uncategorized @gl\"],\"inLanguage\":\"gl-ES\"},{\"@type\":\"WebPage\",\"@id\":\"https:\/\/www.enerxetika.com\/gl\/enerxetika-2024-una-oportunidad-para-probar-vehiculos-con-combustibles-alternativos-de-ultima-generacion-y-prestigiosas-marcas\/\",\"url\":\"https:\/\/www.enerxetika.com\/gl\/enerxetika-2024-una-oportunidad-para-probar-vehiculos-con-combustibles-alternativos-de-ultima-generacion-y-prestigiosas-marcas\/\",\"name\":\"Enerx\u00e9tika 2024, unha oportunidade para probar veh\u00edculos con combustibles alternativos de \u00faltima xeraci\u00f3n e prestixiosas marcas - ENERXETIKA\",\"isPartOf\":{\"@id\":\"https:\/\/www.enerxetika.com\/gl\/#website\"},\"datePublished\":\"2024-04-04T13:45:34+00:00\",\"dateModified\":\"2024-04-04T13:54:00+00:00\",\"breadcrumb\":{\"@id\":\"https:\/\/www.enerxetika.com\/gl\/enerxetika-2024-una-oportunidad-para-probar-vehiculos-con-combustibles-alternativos-de-ultima-generacion-y-prestigiosas-marcas\/#breadcrumb\"},\"inLanguage\":\"gl-ES\",\"potentialAction\":[{\"@type\":\"ReadAction\",\"target\":[\"https:\/\/www.enerxetika.com\/gl\/enerxetika-2024-una-oportunidad-para-probar-vehiculos-con-combustibles-alternativos-de-ultima-generacion-y-prestigiosas-marcas\/\"]}]},{\"@type\":\"BreadcrumbList\",\"@id\":\"https:\/\/www.enerxetika.com\/gl\/enerxetika-2024-una-oportunidad-para-probar-vehiculos-con-combustibles-alternativos-de-ultima-generacion-y-prestigiosas-marcas\/#breadcrumb\",\"itemListElement\":[{\"@type\":\"ListItem\",\"position\":1,\"name\":\"Portada\",\"item\":\"https:\/\/www.enerxetika.com\/gl\/\"},{\"@type\":\"ListItem\",\"position\":2,\"name\":\"Enerx\u00e9tika 2024, unha oportunidade para probar veh\u00edculos con combustibles alternativos de \u00faltima xeraci\u00f3n e prestixiosas marcas\"}]},{\"@type\":\"WebSite\",\"@id\":\"https:\/\/www.enerxetika.com\/gl\/#website\",\"url\":\"https:\/\/www.enerxetika.com\/gl\/\",\"name\":\"ENERXETIKA\",\"description\":\"Feria de la Energ\u00eda\",\"publisher\":{\"@id\":\"https:\/\/www.enerxetika.com\/gl\/#organization\"},\"potentialAction\":[{\"@type\":\"SearchAction\",\"target\":{\"@type\":\"EntryPoint\",\"urlTemplate\":\"https:\/\/www.enerxetika.com\/gl\/?s={search_term_string}\"},\"query-input\":\"required name=search_term_string\"}],\"inLanguage\":\"gl-ES\"},{\"@type\":\"Organization\",\"@id\":\"https:\/\/www.enerxetika.com\/gl\/#organization\",\"name\":\"ENERXETIKA\",\"url\":\"https:\/\/www.enerxetika.com\/gl\/\",\"logo\":{\"@type\":\"ImageObject\",\"inLanguage\":\"gl-ES\",\"@id\":\"https:\/\/www.enerxetika.com\/gl\/#\/schema\/logo\/image\/\",\"url\":\"\",\"contentUrl\":\"\",\"caption\":\"ENERXETIKA\"},\"image\":{\"@id\":\"https:\/\/www.enerxetika.com\/gl\/#\/schema\/logo\/image\/\"},\"sameAs\":[\"https:\/\/www.facebook.com\/enerxetika\",\"https:\/\/twitter.com\/enerxetika\",\"https:\/\/es.linkedin.com\/company\/feira-internacional-de-galicia---figa\"]},{\"@type\":\"Person\",\"@id\":\"https:\/\/www.enerxetika.com\/gl\/#\/schema\/person\/1fc7315d6712a25472b2c1ce06566872\",\"name\":\"admin@SedExpo\",\"image\":{\"@type\":\"ImageObject\",\"inLanguage\":\"gl-ES\",\"@id\":\"https:\/\/www.enerxetika.com\/gl\/#\/schema\/person\/image\/\",\"url\":\"https:\/\/secure.gravatar.com\/avatar\/2aee3a429c5c84b2486f82e4bb736b27e478d3632de0946f5aba7087273fe2cb?s=96&d=mm&r=g\",\"contentUrl\":\"https:\/\/secure.gravatar.com\/avatar\/2aee3a429c5c84b2486f82e4bb736b27e478d3632de0946f5aba7087273fe2cb?s=96&d=mm&r=g\",\"caption\":\"admin@SedExpo\"},\"url\":\"https:\/\/www.enerxetika.com\/gl\/author\/adminsedexpo\/\"}]}<\/script>\n<!-- \/ Yoast SEO plugin. -->","yoast_head_json":{"title":"Enerx\u00e9tika 2024, unha oportunidade para probar veh\u00edculos con combustibles alternativos de \u00faltima xeraci\u00f3n e prestixiosas marcas - ENERXETIKA","robots":{"index":"index","follow":"follow","max-snippet":"max-snippet:-1","max-image-preview":"max-image-preview:large","max-video-preview":"max-video-preview:-1"},"canonical":"https:\/\/www.enerxetika.com\/gl\/enerxetika-2024-una-oportunidad-para-probar-vehiculos-con-combustibles-alternativos-de-ultima-generacion-y-prestigiosas-marcas\/","og_locale":"gl_ES","og_type":"article","og_title":"Enerx\u00e9tika 2024, unha oportunidade para probar veh\u00edculos con combustibles alternativos de \u00faltima xeraci\u00f3n e prestixiosas marcas - ENERXETIKA","og_description":"A FEIRA CONTAR\u00c1 NA S\u00daA EXPOSICI\u00d3N CON INTERESANTES PROPOSTAS DE TESLA, PORSCHE, AUDI, VOLKSWAGEN, MERCEDES, NISSAN, LEXUS E TOYOTA, MOITAS DAS CALES PODER\u00c1N SER CONDUCIDAS POLOS VISITANTES ESTE CERTAME DO SECTOR DA ENERX\u00cdA CELEBRA A S\u00daA CUARTA EDICI\u00d3N DO 11 AO 13 DE ABRIL NA FEIRA INTERNACIONAL DE GALICIA ABANCA Silleda, 4 de abril de ... Ler m\u00e1is","og_url":"https:\/\/www.enerxetika.com\/gl\/enerxetika-2024-una-oportunidad-para-probar-vehiculos-con-combustibles-alternativos-de-ultima-generacion-y-prestigiosas-marcas\/","og_site_name":"ENERXETIKA","article_publisher":"https:\/\/www.facebook.com\/enerxetika","article_published_time":"2024-04-04T13:45:34+00:00","article_modified_time":"2024-04-04T13:54:00+00:00","og_image":[{"width":1500,"height":845,"url":"https:\/\/www.enerxetika.com\/wp-content\/uploads\/2024\/04\/Vehiculo-con-combustible-alternativa-en-Enerxetika-2022.jpg","type":"image\/jpeg"}],"author":"admin@SedExpo","twitter_card":"summary_large_image","twitter_creator":"@enerxetika","twitter_site":"@enerxetika","twitter_misc":{"Escrito por":"admin@SedExpo","Tempo de lectura":"2 minutos"},"schema":{"@context":"https:\/\/schema.org","@graph":[{"@type":"Article","@id":"https:\/\/www.enerxetika.com\/gl\/enerxetika-2024-una-oportunidad-para-probar-vehiculos-con-combustibles-alternativos-de-ultima-generacion-y-prestigiosas-marcas\/#article","isPartOf":{"@id":"https:\/\/www.enerxetika.com\/gl\/enerxetika-2024-una-oportunidad-para-probar-vehiculos-con-combustibles-alternativos-de-ultima-generacion-y-prestigiosas-marcas\/"},"author":{"name":"admin@SedExpo","@id":"https:\/\/www.enerxetika.com\/gl\/#\/schema\/person\/1fc7315d6712a25472b2c1ce06566872"},"headline":"Enerx\u00e9tika 2024, unha oportunidade para probar veh\u00edculos con combustibles alternativos de \u00faltima xeraci\u00f3n e prestixiosas marcas","datePublished":"2024-04-04T13:45:34+00:00","dateModified":"2024-04-04T13:54:00+00:00","mainEntityOfPage":{"@id":"https:\/\/www.enerxetika.com\/gl\/enerxetika-2024-una-oportunidad-para-probar-vehiculos-con-combustibles-alternativos-de-ultima-generacion-y-prestigiosas-marcas\/"},"wordCount":465,"publisher":{"@id":"https:\/\/www.enerxetika.com\/gl\/#organization"},"articleSection":["Uncategorized @gl"],"inLanguage":"gl-ES"},{"@type":"WebPage","@id":"https:\/\/www.enerxetika.com\/gl\/enerxetika-2024-una-oportunidad-para-probar-vehiculos-con-combustibles-alternativos-de-ultima-generacion-y-prestigiosas-marcas\/","url":"https:\/\/www.enerxetika.com\/gl\/enerxetika-2024-una-oportunidad-para-probar-vehiculos-con-combustibles-alternativos-de-ultima-generacion-y-prestigiosas-marcas\/","name":"Enerx\u00e9tika 2024, unha oportunidade para probar veh\u00edculos con combustibles alternativos de \u00faltima xeraci\u00f3n e prestixiosas marcas - ENERXETIKA","isPartOf":{"@id":"https:\/\/www.enerxetika.com\/gl\/#website"},"datePublished":"2024-04-04T13:45:34+00:00","dateModified":"2024-04-04T13:54:00+00:00","breadcrumb":{"@id":"https:\/\/www.enerxetika.com\/gl\/enerxetika-2024-una-oportunidad-para-probar-vehiculos-con-combustibles-alternativos-de-ultima-generacion-y-prestigiosas-marcas\/#breadcrumb"},"inLanguage":"gl-ES","potentialAction":[{"@type":"ReadAction","target":["https:\/\/www.enerxetika.com\/gl\/enerxetika-2024-una-oportunidad-para-probar-vehiculos-con-combustibles-alternativos-de-ultima-generacion-y-prestigiosas-marcas\/"]}]},{"@type":"BreadcrumbList","@id":"https:\/\/www.enerxetika.com\/gl\/enerxetika-2024-una-oportunidad-para-probar-vehiculos-con-combustibles-alternativos-de-ultima-generacion-y-prestigiosas-marcas\/#breadcrumb","itemListElement":[{"@type":"ListItem","position":1,"name":"Portada","item":"https:\/\/www.enerxetika.com\/gl\/"},{"@type":"ListItem","position":2,"name":"Enerx\u00e9tika 2024, unha oportunidade para probar veh\u00edculos con combustibles alternativos de \u00faltima xeraci\u00f3n e prestixiosas marcas"}]},{"@type":"WebSite","@id":"https:\/\/www.enerxetika.com\/gl\/#website","url":"https:\/\/www.enerxetika.com\/gl\/","name":"ENERXETIKA","description":"Feria de la Energ\u00eda","publisher":{"@id":"https:\/\/www.enerxetika.com\/gl\/#organization"},"potentialAction":[{"@type":"SearchAction","target":{"@type":"EntryPoint","urlTemplate":"https:\/\/www.enerxetika.com\/gl\/?s={search_term_string}"},"query-input":"required name=search_term_string"}],"inLanguage":"gl-ES"},{"@type":"Organization","@id":"https:\/\/www.enerxetika.com\/gl\/#organization","name":"ENERXETIKA","url":"https:\/\/www.enerxetika.com\/gl\/","logo":{"@type":"ImageObject","inLanguage":"gl-ES","@id":"https:\/\/www.enerxetika.com\/gl\/#\/schema\/logo\/image\/","url":"","contentUrl":"","caption":"ENERXETIKA"},"image":{"@id":"https:\/\/www.enerxetika.com\/gl\/#\/schema\/logo\/image\/"},"sameAs":["https:\/\/www.facebook.com\/enerxetika","https:\/\/twitter.com\/enerxetika","https:\/\/es.linkedin.com\/company\/feira-internacional-de-galicia---figa"]},{"@type":"Person","@id":"https:\/\/www.enerxetika.com\/gl\/#\/schema\/person\/1fc7315d6712a25472b2c1ce06566872","name":"admin@SedExpo","image":{"@type":"ImageObject","inLanguage":"gl-ES","@id":"https:\/\/www.enerxetika.com\/gl\/#\/schema\/person\/image\/","url":"https:\/\/secure.gravatar.com\/avatar\/2aee3a429c5c84b2486f82e4bb736b27e478d3632de0946f5aba7087273fe2cb?s=96&d=mm&r=g","contentUrl":"https:\/\/secure.gravatar.com\/avatar\/2aee3a429c5c84b2486f82e4bb736b27e478d3632de0946f5aba7087273fe2cb?s=96&d=mm&r=g","caption":"admin@SedExpo"},"url":"https:\/\/www.enerxetika.com\/gl\/author\/adminsedexpo\/"}]}},"_links":{"self":[{"href":"https:\/\/www.enerxetika.com\/gl\/wp-json\/wp\/v2\/posts\/3856","targetHints":{"allow":["GET"]}}],"collection":[{"href":"https:\/\/www.enerxetika.com\/gl\/wp-json\/wp\/v2\/posts"}],"about":[{"href":"https:\/\/www.enerxetika.com\/gl\/wp-json\/wp\/v2\/types\/post"}],"author":[{"embeddable":true,"href":"https:\/\/www.enerxetika.com\/gl\/wp-json\/wp\/v2\/users\/1"}],"replies":[{"embeddable":true,"href":"https:\/\/www.enerxetika.com\/gl\/wp-json\/wp\/v2\/comments?post=3856"}],"version-history":[{"count":3,"href":"https:\/\/www.enerxetika.com\/gl\/wp-json\/wp\/v2\/posts\/3856\/revisions"}],"predecessor-version":[{"id":3861,"href":"https:\/\/www.enerxetika.com\/gl\/wp-json\/wp\/v2\/posts\/3856\/revisions\/3861"}],"wp:featuredmedia":[{"embeddable":true,"href":"https:\/\/www.enerxetika.com\/gl\/wp-json\/wp\/v2\/media\/3854"}],"wp:attachment":[{"href":"https:\/\/www.enerxetika.com\/gl\/wp-json\/wp\/v2\/media?parent=3856"}],"wp:term":[{"taxonomy":"category","embeddable":true,"href":"https:\/\/www.enerxetika.com\/gl\/wp-json\/wp\/v2\/categories?post=3856"},{"taxonomy":"post_tag","embeddable":true,"href":"https:\/\/www.enerxetika.com\/gl\/wp-json\/wp\/v2\/tags?post=3856"}],"curies":[{"name":"wp","href":"https:\/\/api.w.org\/{rel}","templated":true}]}}