{"id":3871,"date":"2024-04-07T13:22:18","date_gmt":"2024-04-07T13:22:18","guid":{"rendered":"https:\/\/www.enerxetika.com\/el-v-foro-de-la-biomasa-explorara-el-papel-del-sector-como-catalizador-hacia-la-neutralidad-climatica-y-su-caracter-estrategico-para-galicia\/"},"modified":"2024-04-07T13:23:46","modified_gmt":"2024-04-07T13:23:46","slug":"el-v-foro-de-la-biomasa-explorara-el-papel-del-sector-como-catalizador-hacia-la-neutralidad-climatica-y-su-caracter-estrategico-para-galicia","status":"publish","type":"post","link":"https:\/\/www.enerxetika.com\/gl\/el-v-foro-de-la-biomasa-explorara-el-papel-del-sector-como-catalizador-hacia-la-neutralidad-climatica-y-su-caracter-estrategico-para-galicia\/","title":{"rendered":"O V Foro da Biomasa explorar\u00e1 o papel do sector como catalizador cara a neutralidade clim\u00e1tica e o seu car\u00e1cter estrat\u00e9xico para Galicia"},"content":{"rendered":"<ul>\n<li><strong>TER\u00c1 LUGAR O PRIMER D\u00cdA DA FEIRA ENERX\u00c9TIKA, A CAL SE LEVAR\u00c1 A CABO DO 11 AL 13 DE ABRIL NO RECINTO FEIRA INTERNACIONAL DE GALICIA ABANCA<\/strong><\/li>\n<\/ul>\n<ul>\n<li><strong>M\u00c1IS DUNHA VEINTENA DE EXPERTOS APORTAR\u00c1N O SEU PUNTO DE VISTA E ENRIQUECER\u00c1N O OBXETIVO DESTA CITA: INTERCAMBIAR CO\u00d1ECEMENTOS E EXPERIENCIAS DE FORMA PARTICIPATIVA E TRANSVERSAL<\/strong><\/li>\n<\/ul>\n<p><strong><em>Silleda, 7 de abril de 2022.- <\/em><\/strong>O certame Enerx\u00e9tika 2024, o cal ter\u00e1 lugar do 11 ao 13 de abril no recinto Feira Internacional de Galicia ABANCA, acoller\u00e1 o Foro da Biomasa, que celebra a s\u00faa quinta edici\u00f3n baixo o lema \u201cA biomasa, unha oportunidade estrat\u00e9xica para Galicia\u201d.<\/p>\n<p>Organizado polo Cl\u00faster da Biomasa de Galicia, explorar\u00e1 o papel do sector da biomasa como catalizador cara \u00e1 neutralidade clim\u00e1tica, enriquecendo o debate mediante a colaboraci\u00f3n activa dos distintos axentes e a integraci\u00f3n de pr\u00e1cticas exitosas tanto a nivel local como rexional, resaltando a relevancia estrat\u00e9xica da biomasa no contexto espec\u00edfico de Galicia.<\/p>\n<p>A cita ser\u00e1 inaugurada polo director xeral de Planificaci\u00f3n Enerx\u00e9tica e Recursos Naturais da Xunta de Galicia, Pablo Fern\u00e1ndez; o director da Axencia Galega da Industria Forestal da Xunta, Jacobo Aboal; o presidente do Cl\u00faster da Biomasa de Galicia, Francisco \u00c1lvarez; e o director da Fundaci\u00f3n Semana Verde de Galicia, Ricardo Dur\u00e1n.<\/p>\n<p>A primeira sesi\u00f3n abordar\u00e1 a biomasa nas AAPP de Galicia. Nela Juan Ignacio Rodr\u00edguez, director de Enerx\u00eda do INEGA, falar\u00e1 da biomasa para usos enerx\u00e9ticos na Axenda Enerx\u00e9tica de Galicia 2030; Jorge Manuel Blanco, subdirector de Promoci\u00f3n Internacional e Rural Intelixente do Agader, far\u00e1 o propio co proxecto Aldealix e o impulso nas Comunidades Enerx\u00e9ticas baseadas na biomasa; mentres que Fernando Blanco expor\u00e1 as redes de calor con biomasa na Conseller\u00eda de Educaci\u00f3n e Juan Mar\u00eda S\u00e1nchez, director de estratexia e desenvolvemento de negocio de DH Ecoenerg\u00edas, abordar\u00e1 a viabilidade de redes de calor urbanas con biomasa en Galicia.<\/p>\n<p>O segundo bloque centrarase no recurso forestal en Galicia e dixitalizaci\u00f3n, e con esta premisa o seu primeiro relatorio analizar\u00e1 a evoluci\u00f3n de superficies forestais en Galicia, o aproveitamento de masas actuais e a s\u00faa potencialidade, sendo a encargada Laura Alonso, investigadora postdoctoral na Escola de Enxe\u00f1er\u00eda T\u00e9cnica Forestal da Universidade de Vigo. Pola s\u00faa banda, o director da Axencia Galega da Industria Forestal, Jacobo Aboal, expor\u00e1 as necesidades de dixitalizaci\u00f3n e permisos de corta e fortra; Manuel Meijomil, de Le\u00f1a Galicia, falar\u00e1 sobre le\u00f1as de calidade controlada nun mercado de 1 mill\u00f3n de toneladas, e Santiago Montero, de Biforca, analizar\u00e1 a evoluci\u00f3n do mercado das <em>astillas<\/em> enerx\u00e9ticas e os requisitos de sostibilidade.<\/p>\n<p>A terceira das sesi\u00f3ns versar\u00e1 sobre os retos da biomasa no futuro mix enerx\u00e9tico, un aspecto sobre o que aportar\u00e1n o seu punto de vista Javier D\u00edaz, presidente de Avebiom; Conrad Paga, project manager do Cl\u00faster da Bioenerx\u00eda de Catalu\u00f1a; Francisco \u00c1lvarez, presidente do Cl\u00faster da Biomasa de Galicia de Galicia; e Roberto Bravo, presidente de Apropellet.<\/p>\n<p><strong>O pellet e a descarbonizaci\u00f3n, en d\u00faas mesas redondas<\/strong><\/p>\n<p>Entre a segunda e a terceira sesi\u00f3n, o foro acoller\u00e1 d\u00faas interesantes mesas redondas. A primeira delas afondar\u00e1 no pellet de madeira, a s\u00faa evoluci\u00f3n e novos escenarios regulatorios, participando Rub\u00e9n Mosquera, de Ecofogo; Luz Pardo, de Biomasa Forestal; Juan Manuel Gonz\u00e1lez, de Goncer Calefacci\u00f3n; Pablo Alonso Cameselle, de Ecoforest; Pablo Rodero, presidente do European Pellets Council, e Fernando Hern\u00e1ndez, secretario t\u00e9cnico de Apropellets.<\/p>\n<p>Pola s\u00faa banda, na segunda das mesas redondas analizar\u00e1n a descarbonizaci\u00f3n da industrial os expertos Ramiro Garc\u00eda, de Medio Ambiente Finsa; Carlos M\u00e9ndez, product manager de Ceamsa; Rub\u00e9n Saint-Marc, xefe de enerx\u00edas do Grupo Coren, e un representante de Magnon Green Energy.<\/p>\n","protected":false},"excerpt":{"rendered":"<p>TER\u00c1 LUGAR O PRIMER D\u00cdA DA FEIRA ENERX\u00c9TIKA, A CAL SE LEVAR\u00c1 A CABO DO 11 AL 13 DE ABRIL NO RECINTO FEIRA INTERNACIONAL DE GALICIA ABANCA M\u00c1IS DUNHA VEINTENA DE EXPERTOS APORTAR\u00c1N O SEU PUNTO DE VISTA E ENRIQUECER\u00c1N O OBXETIVO DESTA CITA: INTERCAMBIAR CO\u00d1ECEMENTOS E EXPERIENCIAS DE FORMA PARTICIPATIVA E TRANSVERSAL Silleda, 7 &#8230; <a title=\"O V Foro da Biomasa explorar\u00e1 o papel do sector como catalizador cara a neutralidade clim\u00e1tica e o seu car\u00e1cter estrat\u00e9xico para Galicia\" class=\"read-more\" href=\"https:\/\/www.enerxetika.com\/gl\/el-v-foro-de-la-biomasa-explorara-el-papel-del-sector-como-catalizador-hacia-la-neutralidad-climatica-y-su-caracter-estrategico-para-galicia\/\" aria-label=\"M\u00e1is en O V Foro da Biomasa explorar\u00e1 o papel do sector como catalizador cara a neutralidade clim\u00e1tica e o seu car\u00e1cter estrat\u00e9xico para Galicia\">Ler m\u00e1is<\/a><\/p>\n","protected":false},"author":1,"featured_media":3869,"comment_status":"closed","ping_status":"closed","sticky":false,"template":"","format":"standard","meta":{"footnotes":""},"categories":[18],"tags":[],"class_list":["post-3871","post","type-post","status-publish","format-standard","has-post-thumbnail","hentry","category-uncategorized-gl"],"acf":[],"yoast_head":"<!-- This site is optimized with the Yoast SEO plugin v20.4 - https:\/\/yoast.com\/wordpress\/plugins\/seo\/ -->\n<title>O V Foro da Biomasa explorar\u00e1 o papel do sector como catalizador cara a neutralidade clim\u00e1tica e o seu car\u00e1cter estrat\u00e9xico para Galicia - ENERXETIKA<\/title>\n<meta name=\"robots\" content=\"index, follow, max-snippet:-1, max-image-preview:large, max-video-preview:-1\" \/>\n<link rel=\"canonical\" href=\"https:\/\/www.enerxetika.com\/gl\/el-v-foro-de-la-biomasa-explorara-el-papel-del-sector-como-catalizador-hacia-la-neutralidad-climatica-y-su-caracter-estrategico-para-galicia\/\" \/>\n<meta property=\"og:locale\" content=\"gl_ES\" \/>\n<meta property=\"og:type\" content=\"article\" \/>\n<meta property=\"og:title\" content=\"O V Foro da Biomasa explorar\u00e1 o papel do sector como catalizador cara a neutralidade clim\u00e1tica e o seu car\u00e1cter estrat\u00e9xico para Galicia - ENERXETIKA\" \/>\n<meta property=\"og:description\" content=\"TER\u00c1 LUGAR O PRIMER D\u00cdA DA FEIRA ENERX\u00c9TIKA, A CAL SE LEVAR\u00c1 A CABO DO 11 AL 13 DE ABRIL NO RECINTO FEIRA INTERNACIONAL DE GALICIA ABANCA M\u00c1IS DUNHA VEINTENA DE EXPERTOS APORTAR\u00c1N O SEU PUNTO DE VISTA E ENRIQUECER\u00c1N O OBXETIVO DESTA CITA: INTERCAMBIAR CO\u00d1ECEMENTOS E EXPERIENCIAS DE FORMA PARTICIPATIVA E TRANSVERSAL Silleda, 7 ... Ler m\u00e1is\" \/>\n<meta property=\"og:url\" content=\"https:\/\/www.enerxetika.com\/gl\/el-v-foro-de-la-biomasa-explorara-el-papel-del-sector-como-catalizador-hacia-la-neutralidad-climatica-y-su-caracter-estrategico-para-galicia\/\" \/>\n<meta property=\"og:site_name\" content=\"ENERXETIKA\" \/>\n<meta property=\"article:publisher\" content=\"https:\/\/www.facebook.com\/enerxetika\" \/>\n<meta property=\"article:published_time\" content=\"2024-04-07T13:22:18+00:00\" \/>\n<meta property=\"article:modified_time\" content=\"2024-04-07T13:23:46+00:00\" \/>\n<meta property=\"og:image\" content=\"https:\/\/www.enerxetika.com\/wp-content\/uploads\/2024\/04\/IV-Foro-da-Biomasa-en-Enerxetika-2022.jpg\" \/>\n\t<meta property=\"og:image:width\" content=\"1500\" \/>\n\t<meta property=\"og:image:height\" content=\"845\" \/>\n\t<meta property=\"og:image:type\" content=\"image\/jpeg\" \/>\n<meta name=\"author\" content=\"admin@SedExpo\" \/>\n<meta name=\"twitter:card\" content=\"summary_large_image\" \/>\n<meta name=\"twitter:creator\" content=\"@enerxetika\" \/>\n<meta name=\"twitter:site\" content=\"@enerxetika\" \/>\n<meta name=\"twitter:label1\" content=\"Escrito por\" \/>\n\t<meta name=\"twitter:data1\" content=\"admin@SedExpo\" \/>\n\t<meta name=\"twitter:label2\" content=\"Tempo de lectura\" \/>\n\t<meta name=\"twitter:data2\" content=\"3 minutos\" \/>\n<script type=\"application\/ld+json\" class=\"yoast-schema-graph\">{\"@context\":\"https:\/\/schema.org\",\"@graph\":[{\"@type\":\"Article\",\"@id\":\"https:\/\/www.enerxetika.com\/gl\/el-v-foro-de-la-biomasa-explorara-el-papel-del-sector-como-catalizador-hacia-la-neutralidad-climatica-y-su-caracter-estrategico-para-galicia\/#article\",\"isPartOf\":{\"@id\":\"https:\/\/www.enerxetika.com\/gl\/el-v-foro-de-la-biomasa-explorara-el-papel-del-sector-como-catalizador-hacia-la-neutralidad-climatica-y-su-caracter-estrategico-para-galicia\/\"},\"author\":{\"name\":\"admin@SedExpo\",\"@id\":\"https:\/\/www.enerxetika.com\/gl\/#\/schema\/person\/1fc7315d6712a25472b2c1ce06566872\"},\"headline\":\"O V Foro da Biomasa explorar\u00e1 o papel do sector como catalizador cara a neutralidade clim\u00e1tica e o seu car\u00e1cter estrat\u00e9xico para Galicia\",\"datePublished\":\"2024-04-07T13:22:18+00:00\",\"dateModified\":\"2024-04-07T13:23:46+00:00\",\"mainEntityOfPage\":{\"@id\":\"https:\/\/www.enerxetika.com\/gl\/el-v-foro-de-la-biomasa-explorara-el-papel-del-sector-como-catalizador-hacia-la-neutralidad-climatica-y-su-caracter-estrategico-para-galicia\/\"},\"wordCount\":681,\"publisher\":{\"@id\":\"https:\/\/www.enerxetika.com\/gl\/#organization\"},\"articleSection\":[\"Uncategorized @gl\"],\"inLanguage\":\"gl-ES\"},{\"@type\":\"WebPage\",\"@id\":\"https:\/\/www.enerxetika.com\/gl\/el-v-foro-de-la-biomasa-explorara-el-papel-del-sector-como-catalizador-hacia-la-neutralidad-climatica-y-su-caracter-estrategico-para-galicia\/\",\"url\":\"https:\/\/www.enerxetika.com\/gl\/el-v-foro-de-la-biomasa-explorara-el-papel-del-sector-como-catalizador-hacia-la-neutralidad-climatica-y-su-caracter-estrategico-para-galicia\/\",\"name\":\"O V Foro da Biomasa explorar\u00e1 o papel do sector como catalizador cara a neutralidade clim\u00e1tica e o seu car\u00e1cter estrat\u00e9xico para Galicia - ENERXETIKA\",\"isPartOf\":{\"@id\":\"https:\/\/www.enerxetika.com\/gl\/#website\"},\"datePublished\":\"2024-04-07T13:22:18+00:00\",\"dateModified\":\"2024-04-07T13:23:46+00:00\",\"breadcrumb\":{\"@id\":\"https:\/\/www.enerxetika.com\/gl\/el-v-foro-de-la-biomasa-explorara-el-papel-del-sector-como-catalizador-hacia-la-neutralidad-climatica-y-su-caracter-estrategico-para-galicia\/#breadcrumb\"},\"inLanguage\":\"gl-ES\",\"potentialAction\":[{\"@type\":\"ReadAction\",\"target\":[\"https:\/\/www.enerxetika.com\/gl\/el-v-foro-de-la-biomasa-explorara-el-papel-del-sector-como-catalizador-hacia-la-neutralidad-climatica-y-su-caracter-estrategico-para-galicia\/\"]}]},{\"@type\":\"BreadcrumbList\",\"@id\":\"https:\/\/www.enerxetika.com\/gl\/el-v-foro-de-la-biomasa-explorara-el-papel-del-sector-como-catalizador-hacia-la-neutralidad-climatica-y-su-caracter-estrategico-para-galicia\/#breadcrumb\",\"itemListElement\":[{\"@type\":\"ListItem\",\"position\":1,\"name\":\"Portada\",\"item\":\"https:\/\/www.enerxetika.com\/gl\/\"},{\"@type\":\"ListItem\",\"position\":2,\"name\":\"O V Foro da Biomasa explorar\u00e1 o papel do sector como catalizador cara a neutralidade clim\u00e1tica e o seu car\u00e1cter estrat\u00e9xico para Galicia\"}]},{\"@type\":\"WebSite\",\"@id\":\"https:\/\/www.enerxetika.com\/gl\/#website\",\"url\":\"https:\/\/www.enerxetika.com\/gl\/\",\"name\":\"ENERXETIKA\",\"description\":\"Feria de la Energ\u00eda\",\"publisher\":{\"@id\":\"https:\/\/www.enerxetika.com\/gl\/#organization\"},\"potentialAction\":[{\"@type\":\"SearchAction\",\"target\":{\"@type\":\"EntryPoint\",\"urlTemplate\":\"https:\/\/www.enerxetika.com\/gl\/?s={search_term_string}\"},\"query-input\":\"required name=search_term_string\"}],\"inLanguage\":\"gl-ES\"},{\"@type\":\"Organization\",\"@id\":\"https:\/\/www.enerxetika.com\/gl\/#organization\",\"name\":\"ENERXETIKA\",\"url\":\"https:\/\/www.enerxetika.com\/gl\/\",\"logo\":{\"@type\":\"ImageObject\",\"inLanguage\":\"gl-ES\",\"@id\":\"https:\/\/www.enerxetika.com\/gl\/#\/schema\/logo\/image\/\",\"url\":\"\",\"contentUrl\":\"\",\"caption\":\"ENERXETIKA\"},\"image\":{\"@id\":\"https:\/\/www.enerxetika.com\/gl\/#\/schema\/logo\/image\/\"},\"sameAs\":[\"https:\/\/www.facebook.com\/enerxetika\",\"https:\/\/twitter.com\/enerxetika\",\"https:\/\/es.linkedin.com\/company\/feira-internacional-de-galicia---figa\"]},{\"@type\":\"Person\",\"@id\":\"https:\/\/www.enerxetika.com\/gl\/#\/schema\/person\/1fc7315d6712a25472b2c1ce06566872\",\"name\":\"admin@SedExpo\",\"image\":{\"@type\":\"ImageObject\",\"inLanguage\":\"gl-ES\",\"@id\":\"https:\/\/www.enerxetika.com\/gl\/#\/schema\/person\/image\/\",\"url\":\"https:\/\/secure.gravatar.com\/avatar\/2aee3a429c5c84b2486f82e4bb736b27e478d3632de0946f5aba7087273fe2cb?s=96&d=mm&r=g\",\"contentUrl\":\"https:\/\/secure.gravatar.com\/avatar\/2aee3a429c5c84b2486f82e4bb736b27e478d3632de0946f5aba7087273fe2cb?s=96&d=mm&r=g\",\"caption\":\"admin@SedExpo\"},\"url\":\"https:\/\/www.enerxetika.com\/gl\/author\/adminsedexpo\/\"}]}<\/script>\n<!-- \/ Yoast SEO plugin. -->","yoast_head_json":{"title":"O V Foro da Biomasa explorar\u00e1 o papel do sector como catalizador cara a neutralidade clim\u00e1tica e o seu car\u00e1cter estrat\u00e9xico para Galicia - ENERXETIKA","robots":{"index":"index","follow":"follow","max-snippet":"max-snippet:-1","max-image-preview":"max-image-preview:large","max-video-preview":"max-video-preview:-1"},"canonical":"https:\/\/www.enerxetika.com\/gl\/el-v-foro-de-la-biomasa-explorara-el-papel-del-sector-como-catalizador-hacia-la-neutralidad-climatica-y-su-caracter-estrategico-para-galicia\/","og_locale":"gl_ES","og_type":"article","og_title":"O V Foro da Biomasa explorar\u00e1 o papel do sector como catalizador cara a neutralidade clim\u00e1tica e o seu car\u00e1cter estrat\u00e9xico para Galicia - ENERXETIKA","og_description":"TER\u00c1 LUGAR O PRIMER D\u00cdA DA FEIRA ENERX\u00c9TIKA, A CAL SE LEVAR\u00c1 A CABO DO 11 AL 13 DE ABRIL NO RECINTO FEIRA INTERNACIONAL DE GALICIA ABANCA M\u00c1IS DUNHA VEINTENA DE EXPERTOS APORTAR\u00c1N O SEU PUNTO DE VISTA E ENRIQUECER\u00c1N O OBXETIVO DESTA CITA: INTERCAMBIAR CO\u00d1ECEMENTOS E EXPERIENCIAS DE FORMA PARTICIPATIVA E TRANSVERSAL Silleda, 7 ... Ler m\u00e1is","og_url":"https:\/\/www.enerxetika.com\/gl\/el-v-foro-de-la-biomasa-explorara-el-papel-del-sector-como-catalizador-hacia-la-neutralidad-climatica-y-su-caracter-estrategico-para-galicia\/","og_site_name":"ENERXETIKA","article_publisher":"https:\/\/www.facebook.com\/enerxetika","article_published_time":"2024-04-07T13:22:18+00:00","article_modified_time":"2024-04-07T13:23:46+00:00","og_image":[{"width":1500,"height":845,"url":"https:\/\/www.enerxetika.com\/wp-content\/uploads\/2024\/04\/IV-Foro-da-Biomasa-en-Enerxetika-2022.jpg","type":"image\/jpeg"}],"author":"admin@SedExpo","twitter_card":"summary_large_image","twitter_creator":"@enerxetika","twitter_site":"@enerxetika","twitter_misc":{"Escrito por":"admin@SedExpo","Tempo de lectura":"3 minutos"},"schema":{"@context":"https:\/\/schema.org","@graph":[{"@type":"Article","@id":"https:\/\/www.enerxetika.com\/gl\/el-v-foro-de-la-biomasa-explorara-el-papel-del-sector-como-catalizador-hacia-la-neutralidad-climatica-y-su-caracter-estrategico-para-galicia\/#article","isPartOf":{"@id":"https:\/\/www.enerxetika.com\/gl\/el-v-foro-de-la-biomasa-explorara-el-papel-del-sector-como-catalizador-hacia-la-neutralidad-climatica-y-su-caracter-estrategico-para-galicia\/"},"author":{"name":"admin@SedExpo","@id":"https:\/\/www.enerxetika.com\/gl\/#\/schema\/person\/1fc7315d6712a25472b2c1ce06566872"},"headline":"O V Foro da Biomasa explorar\u00e1 o papel do sector como catalizador cara a neutralidade clim\u00e1tica e o seu car\u00e1cter estrat\u00e9xico para Galicia","datePublished":"2024-04-07T13:22:18+00:00","dateModified":"2024-04-07T13:23:46+00:00","mainEntityOfPage":{"@id":"https:\/\/www.enerxetika.com\/gl\/el-v-foro-de-la-biomasa-explorara-el-papel-del-sector-como-catalizador-hacia-la-neutralidad-climatica-y-su-caracter-estrategico-para-galicia\/"},"wordCount":681,"publisher":{"@id":"https:\/\/www.enerxetika.com\/gl\/#organization"},"articleSection":["Uncategorized @gl"],"inLanguage":"gl-ES"},{"@type":"WebPage","@id":"https:\/\/www.enerxetika.com\/gl\/el-v-foro-de-la-biomasa-explorara-el-papel-del-sector-como-catalizador-hacia-la-neutralidad-climatica-y-su-caracter-estrategico-para-galicia\/","url":"https:\/\/www.enerxetika.com\/gl\/el-v-foro-de-la-biomasa-explorara-el-papel-del-sector-como-catalizador-hacia-la-neutralidad-climatica-y-su-caracter-estrategico-para-galicia\/","name":"O V Foro da Biomasa explorar\u00e1 o papel do sector como catalizador cara a neutralidade clim\u00e1tica e o seu car\u00e1cter estrat\u00e9xico para Galicia - ENERXETIKA","isPartOf":{"@id":"https:\/\/www.enerxetika.com\/gl\/#website"},"datePublished":"2024-04-07T13:22:18+00:00","dateModified":"2024-04-07T13:23:46+00:00","breadcrumb":{"@id":"https:\/\/www.enerxetika.com\/gl\/el-v-foro-de-la-biomasa-explorara-el-papel-del-sector-como-catalizador-hacia-la-neutralidad-climatica-y-su-caracter-estrategico-para-galicia\/#breadcrumb"},"inLanguage":"gl-ES","potentialAction":[{"@type":"ReadAction","target":["https:\/\/www.enerxetika.com\/gl\/el-v-foro-de-la-biomasa-explorara-el-papel-del-sector-como-catalizador-hacia-la-neutralidad-climatica-y-su-caracter-estrategico-para-galicia\/"]}]},{"@type":"BreadcrumbList","@id":"https:\/\/www.enerxetika.com\/gl\/el-v-foro-de-la-biomasa-explorara-el-papel-del-sector-como-catalizador-hacia-la-neutralidad-climatica-y-su-caracter-estrategico-para-galicia\/#breadcrumb","itemListElement":[{"@type":"ListItem","position":1,"name":"Portada","item":"https:\/\/www.enerxetika.com\/gl\/"},{"@type":"ListItem","position":2,"name":"O V Foro da Biomasa explorar\u00e1 o papel do sector como catalizador cara a neutralidade clim\u00e1tica e o seu car\u00e1cter estrat\u00e9xico para Galicia"}]},{"@type":"WebSite","@id":"https:\/\/www.enerxetika.com\/gl\/#website","url":"https:\/\/www.enerxetika.com\/gl\/","name":"ENERXETIKA","description":"Feria de la Energ\u00eda","publisher":{"@id":"https:\/\/www.enerxetika.com\/gl\/#organization"},"potentialAction":[{"@type":"SearchAction","target":{"@type":"EntryPoint","urlTemplate":"https:\/\/www.enerxetika.com\/gl\/?s={search_term_string}"},"query-input":"required name=search_term_string"}],"inLanguage":"gl-ES"},{"@type":"Organization","@id":"https:\/\/www.enerxetika.com\/gl\/#organization","name":"ENERXETIKA","url":"https:\/\/www.enerxetika.com\/gl\/","logo":{"@type":"ImageObject","inLanguage":"gl-ES","@id":"https:\/\/www.enerxetika.com\/gl\/#\/schema\/logo\/image\/","url":"","contentUrl":"","caption":"ENERXETIKA"},"image":{"@id":"https:\/\/www.enerxetika.com\/gl\/#\/schema\/logo\/image\/"},"sameAs":["https:\/\/www.facebook.com\/enerxetika","https:\/\/twitter.com\/enerxetika","https:\/\/es.linkedin.com\/company\/feira-internacional-de-galicia---figa"]},{"@type":"Person","@id":"https:\/\/www.enerxetika.com\/gl\/#\/schema\/person\/1fc7315d6712a25472b2c1ce06566872","name":"admin@SedExpo","image":{"@type":"ImageObject","inLanguage":"gl-ES","@id":"https:\/\/www.enerxetika.com\/gl\/#\/schema\/person\/image\/","url":"https:\/\/secure.gravatar.com\/avatar\/2aee3a429c5c84b2486f82e4bb736b27e478d3632de0946f5aba7087273fe2cb?s=96&d=mm&r=g","contentUrl":"https:\/\/secure.gravatar.com\/avatar\/2aee3a429c5c84b2486f82e4bb736b27e478d3632de0946f5aba7087273fe2cb?s=96&d=mm&r=g","caption":"admin@SedExpo"},"url":"https:\/\/www.enerxetika.com\/gl\/author\/adminsedexpo\/"}]}},"_links":{"self":[{"href":"https:\/\/www.enerxetika.com\/gl\/wp-json\/wp\/v2\/posts\/3871","targetHints":{"allow":["GET"]}}],"collection":[{"href":"https:\/\/www.enerxetika.com\/gl\/wp-json\/wp\/v2\/posts"}],"about":[{"href":"https:\/\/www.enerxetika.com\/gl\/wp-json\/wp\/v2\/types\/post"}],"author":[{"embeddable":true,"href":"https:\/\/www.enerxetika.com\/gl\/wp-json\/wp\/v2\/users\/1"}],"replies":[{"embeddable":true,"href":"https:\/\/www.enerxetika.com\/gl\/wp-json\/wp\/v2\/comments?post=3871"}],"version-history":[{"count":1,"href":"https:\/\/www.enerxetika.com\/gl\/wp-json\/wp\/v2\/posts\/3871\/revisions"}],"predecessor-version":[{"id":3872,"href":"https:\/\/www.enerxetika.com\/gl\/wp-json\/wp\/v2\/posts\/3871\/revisions\/3872"}],"wp:featuredmedia":[{"embeddable":true,"href":"https:\/\/www.enerxetika.com\/gl\/wp-json\/wp\/v2\/media\/3869"}],"wp:attachment":[{"href":"https:\/\/www.enerxetika.com\/gl\/wp-json\/wp\/v2\/media?parent=3871"}],"wp:term":[{"taxonomy":"category","embeddable":true,"href":"https:\/\/www.enerxetika.com\/gl\/wp-json\/wp\/v2\/categories?post=3871"},{"taxonomy":"post_tag","embeddable":true,"href":"https:\/\/www.enerxetika.com\/gl\/wp-json\/wp\/v2\/tags?post=3871"}],"curies":[{"name":"wp","href":"https:\/\/api.w.org\/{rel}","templated":true}]}}