{"id":3930,"date":"2024-04-10T10:55:44","date_gmt":"2024-04-10T10:55:44","guid":{"rendered":"https:\/\/www.enerxetika.com\/enerxetika-y-expomunicipal-reunen-desde-manana-520-firmas-de-24-paises-en-una-doble-cita-ferial-con-los-sectores-energetico-y-municipal\/"},"modified":"2024-04-10T10:57:40","modified_gmt":"2024-04-10T10:57:40","slug":"enerxetika-y-expomunicipal-reunen-desde-manana-520-firmas-de-24-paises-en-una-doble-cita-ferial-con-los-sectores-energetico-y-municipal","status":"publish","type":"post","link":"https:\/\/www.enerxetika.com\/gl\/enerxetika-y-expomunicipal-reunen-desde-manana-520-firmas-de-24-paises-en-una-doble-cita-ferial-con-los-sectores-energetico-y-municipal\/","title":{"rendered":"Enerx\u00e9tika e ExpoMunicipal re\u00fanen dende ma\u00f1\u00e1 520 firmas de 24 pa\u00edses nunha dobre cita feiral cos sectores enerx\u00e9tico e municipal"},"content":{"rendered":"<ul>\n<li><strong>AMBOS CERTAMES SUMAR\u00c1N NO RECINTO FEIRA INTERNACIONAL DE GALICIA ABANCA M\u00c1IS DE 7.400 METROS NETOS DE SUPERFICIE E PRETO DUN CENTENAR DE CONFERENCIAS, ADEMAIS DOUTRAS MOITAS PROPOSTAS COMO ESPAZOS DE INNOVACI\u00d3N, DEMOSTRACI\u00d3NS OU \u00c1REAS DIVULGATIVAS<\/strong><\/li>\n<\/ul>\n<p><strong><em>Silleda, 10 de abril de 2024.- <\/em><\/strong>O recinto Feira Internacional de Galicia ABANCA inaugura ma\u00f1\u00e1 unha dobre cita feiral, coa cuarta edici\u00f3n do sal\u00f3n de enerx\u00eda Enerx\u00e9tika e a primeira da feira de servizos municipais ExpoMunicipal.<\/p>\n<p>Ambos certames reunir\u00e1n ata o s\u00e1bado 520 firmas expositoras de 24 pa\u00edses dos sectores enerx\u00e9tico e municipal, as cales estar\u00e1n representadas por 181 expositores directos de Espa\u00f1a, Portugal, Andorra, Francia, Italia, M\u00e9xico, Israel e Rep\u00fablica Checa. As entidades estranxeiras presentes supo\u00f1er\u00e1n un 9,9% do total.<\/p>\n<p>Estes expositores, entre os que se atopan moitas das empresas m\u00e1is importantes dos seus respectivos sectores, ocupar\u00e1n os dous pavill\u00f3ns principais do recinto, sendo a superficie neta conxunta de 7.441 metros cadrados.<\/p>\n<p>Por outra banda, os seus programas acoller\u00e1n case un centenar de conferencias nas que intervir\u00e1n 120 expertos de distintos \u00e1mbitos, ademais de moitas outras propostas, como espazos de innovaci\u00f3n, demostraci\u00f3ns, talleres ou \u00e1reas divulgativas.<\/p>\n<p><strong>Enerx\u00e9tika 2024<\/strong><\/p>\n<p>A cuarta convocatoria da feira de enerx\u00eda Enerx\u00e9tika, apoiada pola Xunta de Galicia a trav\u00e9s da Conseller\u00eda de Econom\u00eda, Industria e Innovaci\u00f3n, contar\u00e1 con 270 firmas de 17 pa\u00edses, o que sup\u00f3n un 4% m\u00e1is que na \u00faltima cita, celebrada en 2022. Delas 110 son expositores directos de Espa\u00f1a, Portugal, Francia, M\u00e9xico e Israel, un 23,6% m\u00e1is que proceden do dobre de pa\u00edses que ent\u00f3n.<\/p>\n<p>Entre estes expositores estar\u00e1n presentes empresas de enerx\u00edas convencionais e renovables e dos \u00e1mbitos da eficiencia enerx\u00e9tica, mobilidade sostible, material e equipos para instalaci\u00f3ns, electr\u00f3nica industrial ou servizos.<\/p>\n<p>Enerx\u00e9tika 2024, que conta co patrocino de Red El\u00e9ctrica, incluir\u00e1 un atractivo programa onde as xornadas ser\u00e1n unha peza clave. Ser\u00e1n preto de 70 que se agrupar\u00e1n en 27 xornadas que profundar\u00e1n en temas como almacenamento de enerx\u00eda e transici\u00f3n enerx\u00e9tica en Galicia, a biomasa como unha oportunidade estrat\u00e9xica para Galicia, pol\u00edtica enerx\u00e9tica en Portugal, o mercado el\u00e9ctrico chileno, hidr\u00f3xeno verde, rehabilitaci\u00f3n enerx\u00e9tica integral de edificios, mobilidade el\u00e9ctrica, instalaci\u00f3ns de autoconsumo ou xeotermia, entre moitos outros.<\/p>\n<p>Ademais, o programa volver\u00e1 contar co SIE, o Sal\u00f3n de Innovaci\u00f3n Enerx\u00e9tica, espazo que se centra en po\u00f1er en valor proxectos innovadores no \u00e1mbito da sustentabilidade, a eficiencia e as enerx\u00edas renovables, e que nesta ocasi\u00f3n mostrar\u00e1 11 proxectos. Sumaranse destacados encontros sectoriais de entidades que apostan pola feira para reunirse e levar a cabo diversos actos.<\/p>\n<p>Por outra banda, a feira acoller\u00e1 unha gran \u00e1rea divulgativa centrada nos distintos tipos de enerx\u00eda e a eficiencia enerx\u00e9tica. Incluir\u00e1 zonas tem\u00e1ticas con demostraci\u00f3ns, actividades, paneis informativos e espazos de proxecci\u00f3n tanto para aprender sobre enerx\u00eda en xeral como para co\u00f1ecer medidas de aforro e eficiencia aplicadas \u00e1 nosa vida coti\u00e1. Desenvolver\u00e1 ademais un programa espec\u00edfico para escolares.<\/p>\n<p>Outra interesante proposta para p\u00fablico xeral ser\u00e1 a posibilidade de probar veh\u00edculos el\u00e9ctricos, h\u00edbridos e de hidroxeno de \u00faltima xeraci\u00f3n e prestixiosas marcas.<\/p>\n<p><strong>A primeira cita de ExpoMunicipal<\/strong><\/p>\n<p>A Feira de Servizos Municipais, ExpoMunicipal, estr\u00e9ase no recinto con 250 firmas expositoras de 18 pa\u00edses, dos cales 71 son expositores directos de Espa\u00f1a, Portugal, Italia, Francia, Andorra e Rep\u00fablica Checa. Unhas cifras notables que ademais dotan xa a esta primeira cita dun importante car\u00e1cter internacional.<\/p>\n<p>Este certame, cuxa organizaci\u00f3n conta co apoio da Vicepresidencia Primeira e Conseller\u00eda de Presidencia, Xustiza e Deportes da Xunta de Galicia, dar\u00e1 resposta \u00e1s necesidades e retos dos municipios ante o actual escenario social, que esixe cidades m\u00e1is sostibles, eficientes, accesibles, seguras e verdes.<\/p>\n<p>Para iso, a s\u00faa \u00e1rea expositiva mostrar\u00e1 o \u00faltimo en equipamento e servizos municipais de man de empresas l\u00edderes centradas en mobiliario urbano, limpeza, ciclo da auga, xesti\u00f3n e tratamento de residuos, medio ambiente, enerx\u00edas alternativas, obra p\u00fablica, sinalizaci\u00f3n, xardiner\u00eda e paisaxismo, mobilidade urbana, instalaci\u00f3ns deportivas e de lecer, iluminaci\u00f3n, xesti\u00f3n cultural, tecnolox\u00eda, xesti\u00f3n documental, concesionarias, alugueiro e venda de maquinaria, subministraci\u00f3ns ou consultor\u00eda. Unha oferta que permitir\u00e1 que alcaldes e corporaci\u00f3ns municipais, t\u00e9cnicos, enxe\u00f1eiros ou consultores co\u00f1ezan todo tipo de posibilidades.<\/p>\n<p>A feira, que conta co patrocinio de Ferrovial, ser\u00e1 as\u00ed un atractivo escaparate, pero tam\u00e9n un foro de reflexi\u00f3n sobre temas de actualidade. No seu marco desenvolverase o congreso \u201cConcellos 2030\u201d, cuxos temas centrais ser\u00e1n o ciclo de auga, o aforro enerx\u00e9tico, a xesti\u00f3n dos residuos e a mobilidade urbana, piares b\u00e1sicos para conseguir concellos m\u00e1is sostibles. Participar\u00e1 unha trintena de relatores en m\u00e1is de 20 conferencias e mesas redondas, nas que se falar\u00e1 de aspectos como a Axenda 2030, a estratexia galega de biorresiduos, o l\u00edmite legal para as novas taxas e ordenanzas ambientais, implantaci\u00f3n de materia org\u00e1nica, a axenda enerx\u00e9tica galega, a nova lei de mellora da xesti\u00f3n do ciclo integral da auga ou a mobilidade urbana.<\/p>\n<p>Sumaranse demostraci\u00f3ns que mostrar\u00e1n as utilidades de distintos produtos e servizos. Entre elas, de limpeza viaria de alta presi\u00f3n con maquinaria de gran autonom\u00eda e m\u00ednimo impacto, aspiraci\u00f3n de follas con equipos de alta capacidade, triturado de ramas con m\u00e1quinas dotadas de amplas<em> tolvas<\/em>, roza con mecanismos de control remoto sobre <em>orugas<\/em>, desatasco con dispositivos de presi\u00f3n ou simulaci\u00f3n de limpeza de praias con innovadores equipos. Tam\u00e9n se poder\u00e1 ver o funcionamento de softwares de detecci\u00f3n de irregularidades catastrais mediante o uso de intelixencia artificial.<\/p>\n","protected":false},"excerpt":{"rendered":"<p>AMBOS CERTAMES SUMAR\u00c1N NO RECINTO FEIRA INTERNACIONAL DE GALICIA ABANCA M\u00c1IS DE 7.400 METROS NETOS DE SUPERFICIE E PRETO DUN CENTENAR DE CONFERENCIAS, ADEMAIS DOUTRAS MOITAS PROPOSTAS COMO ESPAZOS DE INNOVACI\u00d3N, DEMOSTRACI\u00d3NS OU \u00c1REAS DIVULGATIVAS Silleda, 10 de abril de 2024.- O recinto Feira Internacional de Galicia ABANCA inaugura ma\u00f1\u00e1 unha dobre cita feiral, coa &#8230; <a title=\"Enerx\u00e9tika e ExpoMunicipal re\u00fanen dende ma\u00f1\u00e1 520 firmas de 24 pa\u00edses nunha dobre cita feiral cos sectores enerx\u00e9tico e municipal\" class=\"read-more\" href=\"https:\/\/www.enerxetika.com\/gl\/enerxetika-y-expomunicipal-reunen-desde-manana-520-firmas-de-24-paises-en-una-doble-cita-ferial-con-los-sectores-energetico-y-municipal\/\" aria-label=\"M\u00e1is en Enerx\u00e9tika e ExpoMunicipal re\u00fanen dende ma\u00f1\u00e1 520 firmas de 24 pa\u00edses nunha dobre cita feiral cos sectores enerx\u00e9tico e municipal\">Ler m\u00e1is<\/a><\/p>\n","protected":false},"author":1,"featured_media":3832,"comment_status":"closed","ping_status":"closed","sticky":false,"template":"","format":"standard","meta":{"footnotes":""},"categories":[18],"tags":[],"class_list":["post-3930","post","type-post","status-publish","format-standard","has-post-thumbnail","hentry","category-uncategorized-gl"],"acf":[],"yoast_head":"<!-- This site is optimized with the Yoast SEO plugin v20.4 - https:\/\/yoast.com\/wordpress\/plugins\/seo\/ -->\n<title>Enerx\u00e9tika e ExpoMunicipal re\u00fanen dende ma\u00f1\u00e1 520 firmas de 24 pa\u00edses nunha dobre cita feiral cos sectores enerx\u00e9tico e municipal - ENERXETIKA<\/title>\n<meta name=\"robots\" content=\"index, follow, max-snippet:-1, max-image-preview:large, max-video-preview:-1\" \/>\n<link rel=\"canonical\" href=\"https:\/\/www.enerxetika.com\/gl\/enerxetika-y-expomunicipal-reunen-desde-manana-520-firmas-de-24-paises-en-una-doble-cita-ferial-con-los-sectores-energetico-y-municipal\/\" \/>\n<meta property=\"og:locale\" content=\"gl_ES\" \/>\n<meta property=\"og:type\" content=\"article\" \/>\n<meta property=\"og:title\" content=\"Enerx\u00e9tika e ExpoMunicipal re\u00fanen dende ma\u00f1\u00e1 520 firmas de 24 pa\u00edses nunha dobre cita feiral cos sectores enerx\u00e9tico e municipal - ENERXETIKA\" \/>\n<meta property=\"og:description\" content=\"AMBOS CERTAMES SUMAR\u00c1N NO RECINTO FEIRA INTERNACIONAL DE GALICIA ABANCA M\u00c1IS DE 7.400 METROS NETOS DE SUPERFICIE E PRETO DUN CENTENAR DE CONFERENCIAS, ADEMAIS DOUTRAS MOITAS PROPOSTAS COMO ESPAZOS DE INNOVACI\u00d3N, DEMOSTRACI\u00d3NS OU \u00c1REAS DIVULGATIVAS Silleda, 10 de abril de 2024.- O recinto Feira Internacional de Galicia ABANCA inaugura ma\u00f1\u00e1 unha dobre cita feiral, coa ... Ler m\u00e1is\" \/>\n<meta property=\"og:url\" content=\"https:\/\/www.enerxetika.com\/gl\/enerxetika-y-expomunicipal-reunen-desde-manana-520-firmas-de-24-paises-en-una-doble-cita-ferial-con-los-sectores-energetico-y-municipal\/\" \/>\n<meta property=\"og:site_name\" content=\"ENERXETIKA\" \/>\n<meta property=\"article:publisher\" content=\"https:\/\/www.facebook.com\/enerxetika\" \/>\n<meta property=\"article:published_time\" content=\"2024-04-10T10:55:44+00:00\" \/>\n<meta property=\"article:modified_time\" content=\"2024-04-10T10:57:40+00:00\" \/>\n<meta property=\"og:image\" content=\"https:\/\/www.enerxetika.com\/wp-content\/uploads\/2024\/04\/Vsita-Enerxetika-2022-DSC03865.jpg\" \/>\n\t<meta property=\"og:image:width\" content=\"1500\" \/>\n\t<meta property=\"og:image:height\" content=\"845\" \/>\n\t<meta property=\"og:image:type\" content=\"image\/jpeg\" \/>\n<meta name=\"author\" content=\"admin@SedExpo\" \/>\n<meta name=\"twitter:card\" content=\"summary_large_image\" \/>\n<meta name=\"twitter:creator\" content=\"@enerxetika\" \/>\n<meta name=\"twitter:site\" content=\"@enerxetika\" \/>\n<meta name=\"twitter:label1\" content=\"Escrito por\" \/>\n\t<meta name=\"twitter:data1\" content=\"admin@SedExpo\" \/>\n\t<meta name=\"twitter:label2\" content=\"Tempo de lectura\" \/>\n\t<meta name=\"twitter:data2\" content=\"5 minutos\" \/>\n<script type=\"application\/ld+json\" class=\"yoast-schema-graph\">{\"@context\":\"https:\/\/schema.org\",\"@graph\":[{\"@type\":\"Article\",\"@id\":\"https:\/\/www.enerxetika.com\/gl\/enerxetika-y-expomunicipal-reunen-desde-manana-520-firmas-de-24-paises-en-una-doble-cita-ferial-con-los-sectores-energetico-y-municipal\/#article\",\"isPartOf\":{\"@id\":\"https:\/\/www.enerxetika.com\/gl\/enerxetika-y-expomunicipal-reunen-desde-manana-520-firmas-de-24-paises-en-una-doble-cita-ferial-con-los-sectores-energetico-y-municipal\/\"},\"author\":{\"name\":\"admin@SedExpo\",\"@id\":\"https:\/\/www.enerxetika.com\/gl\/#\/schema\/person\/1fc7315d6712a25472b2c1ce06566872\"},\"headline\":\"Enerx\u00e9tika e ExpoMunicipal re\u00fanen dende ma\u00f1\u00e1 520 firmas de 24 pa\u00edses nunha dobre cita feiral cos sectores enerx\u00e9tico e municipal\",\"datePublished\":\"2024-04-10T10:55:44+00:00\",\"dateModified\":\"2024-04-10T10:57:40+00:00\",\"mainEntityOfPage\":{\"@id\":\"https:\/\/www.enerxetika.com\/gl\/enerxetika-y-expomunicipal-reunen-desde-manana-520-firmas-de-24-paises-en-una-doble-cita-ferial-con-los-sectores-energetico-y-municipal\/\"},\"wordCount\":1001,\"publisher\":{\"@id\":\"https:\/\/www.enerxetika.com\/gl\/#organization\"},\"articleSection\":[\"Uncategorized @gl\"],\"inLanguage\":\"gl-ES\"},{\"@type\":\"WebPage\",\"@id\":\"https:\/\/www.enerxetika.com\/gl\/enerxetika-y-expomunicipal-reunen-desde-manana-520-firmas-de-24-paises-en-una-doble-cita-ferial-con-los-sectores-energetico-y-municipal\/\",\"url\":\"https:\/\/www.enerxetika.com\/gl\/enerxetika-y-expomunicipal-reunen-desde-manana-520-firmas-de-24-paises-en-una-doble-cita-ferial-con-los-sectores-energetico-y-municipal\/\",\"name\":\"Enerx\u00e9tika e ExpoMunicipal re\u00fanen dende ma\u00f1\u00e1 520 firmas de 24 pa\u00edses nunha dobre cita feiral cos sectores enerx\u00e9tico e municipal - ENERXETIKA\",\"isPartOf\":{\"@id\":\"https:\/\/www.enerxetika.com\/gl\/#website\"},\"datePublished\":\"2024-04-10T10:55:44+00:00\",\"dateModified\":\"2024-04-10T10:57:40+00:00\",\"breadcrumb\":{\"@id\":\"https:\/\/www.enerxetika.com\/gl\/enerxetika-y-expomunicipal-reunen-desde-manana-520-firmas-de-24-paises-en-una-doble-cita-ferial-con-los-sectores-energetico-y-municipal\/#breadcrumb\"},\"inLanguage\":\"gl-ES\",\"potentialAction\":[{\"@type\":\"ReadAction\",\"target\":[\"https:\/\/www.enerxetika.com\/gl\/enerxetika-y-expomunicipal-reunen-desde-manana-520-firmas-de-24-paises-en-una-doble-cita-ferial-con-los-sectores-energetico-y-municipal\/\"]}]},{\"@type\":\"BreadcrumbList\",\"@id\":\"https:\/\/www.enerxetika.com\/gl\/enerxetika-y-expomunicipal-reunen-desde-manana-520-firmas-de-24-paises-en-una-doble-cita-ferial-con-los-sectores-energetico-y-municipal\/#breadcrumb\",\"itemListElement\":[{\"@type\":\"ListItem\",\"position\":1,\"name\":\"Portada\",\"item\":\"https:\/\/www.enerxetika.com\/gl\/\"},{\"@type\":\"ListItem\",\"position\":2,\"name\":\"Enerx\u00e9tika e ExpoMunicipal re\u00fanen dende ma\u00f1\u00e1 520 firmas de 24 pa\u00edses nunha dobre cita feiral cos sectores enerx\u00e9tico e municipal\"}]},{\"@type\":\"WebSite\",\"@id\":\"https:\/\/www.enerxetika.com\/gl\/#website\",\"url\":\"https:\/\/www.enerxetika.com\/gl\/\",\"name\":\"ENERXETIKA\",\"description\":\"Feria de la Energ\u00eda\",\"publisher\":{\"@id\":\"https:\/\/www.enerxetika.com\/gl\/#organization\"},\"potentialAction\":[{\"@type\":\"SearchAction\",\"target\":{\"@type\":\"EntryPoint\",\"urlTemplate\":\"https:\/\/www.enerxetika.com\/gl\/?s={search_term_string}\"},\"query-input\":\"required name=search_term_string\"}],\"inLanguage\":\"gl-ES\"},{\"@type\":\"Organization\",\"@id\":\"https:\/\/www.enerxetika.com\/gl\/#organization\",\"name\":\"ENERXETIKA\",\"url\":\"https:\/\/www.enerxetika.com\/gl\/\",\"logo\":{\"@type\":\"ImageObject\",\"inLanguage\":\"gl-ES\",\"@id\":\"https:\/\/www.enerxetika.com\/gl\/#\/schema\/logo\/image\/\",\"url\":\"\",\"contentUrl\":\"\",\"caption\":\"ENERXETIKA\"},\"image\":{\"@id\":\"https:\/\/www.enerxetika.com\/gl\/#\/schema\/logo\/image\/\"},\"sameAs\":[\"https:\/\/www.facebook.com\/enerxetika\",\"https:\/\/twitter.com\/enerxetika\",\"https:\/\/es.linkedin.com\/company\/feira-internacional-de-galicia---figa\"]},{\"@type\":\"Person\",\"@id\":\"https:\/\/www.enerxetika.com\/gl\/#\/schema\/person\/1fc7315d6712a25472b2c1ce06566872\",\"name\":\"admin@SedExpo\",\"image\":{\"@type\":\"ImageObject\",\"inLanguage\":\"gl-ES\",\"@id\":\"https:\/\/www.enerxetika.com\/gl\/#\/schema\/person\/image\/\",\"url\":\"https:\/\/secure.gravatar.com\/avatar\/2aee3a429c5c84b2486f82e4bb736b27e478d3632de0946f5aba7087273fe2cb?s=96&d=mm&r=g\",\"contentUrl\":\"https:\/\/secure.gravatar.com\/avatar\/2aee3a429c5c84b2486f82e4bb736b27e478d3632de0946f5aba7087273fe2cb?s=96&d=mm&r=g\",\"caption\":\"admin@SedExpo\"},\"url\":\"https:\/\/www.enerxetika.com\/gl\/author\/adminsedexpo\/\"}]}<\/script>\n<!-- \/ Yoast SEO plugin. -->","yoast_head_json":{"title":"Enerx\u00e9tika e ExpoMunicipal re\u00fanen dende ma\u00f1\u00e1 520 firmas de 24 pa\u00edses nunha dobre cita feiral cos sectores enerx\u00e9tico e municipal - ENERXETIKA","robots":{"index":"index","follow":"follow","max-snippet":"max-snippet:-1","max-image-preview":"max-image-preview:large","max-video-preview":"max-video-preview:-1"},"canonical":"https:\/\/www.enerxetika.com\/gl\/enerxetika-y-expomunicipal-reunen-desde-manana-520-firmas-de-24-paises-en-una-doble-cita-ferial-con-los-sectores-energetico-y-municipal\/","og_locale":"gl_ES","og_type":"article","og_title":"Enerx\u00e9tika e ExpoMunicipal re\u00fanen dende ma\u00f1\u00e1 520 firmas de 24 pa\u00edses nunha dobre cita feiral cos sectores enerx\u00e9tico e municipal - ENERXETIKA","og_description":"AMBOS CERTAMES SUMAR\u00c1N NO RECINTO FEIRA INTERNACIONAL DE GALICIA ABANCA M\u00c1IS DE 7.400 METROS NETOS DE SUPERFICIE E PRETO DUN CENTENAR DE CONFERENCIAS, ADEMAIS DOUTRAS MOITAS PROPOSTAS COMO ESPAZOS DE INNOVACI\u00d3N, DEMOSTRACI\u00d3NS OU \u00c1REAS DIVULGATIVAS Silleda, 10 de abril de 2024.- O recinto Feira Internacional de Galicia ABANCA inaugura ma\u00f1\u00e1 unha dobre cita feiral, coa ... Ler m\u00e1is","og_url":"https:\/\/www.enerxetika.com\/gl\/enerxetika-y-expomunicipal-reunen-desde-manana-520-firmas-de-24-paises-en-una-doble-cita-ferial-con-los-sectores-energetico-y-municipal\/","og_site_name":"ENERXETIKA","article_publisher":"https:\/\/www.facebook.com\/enerxetika","article_published_time":"2024-04-10T10:55:44+00:00","article_modified_time":"2024-04-10T10:57:40+00:00","og_image":[{"width":1500,"height":845,"url":"https:\/\/www.enerxetika.com\/wp-content\/uploads\/2024\/04\/Vsita-Enerxetika-2022-DSC03865.jpg","type":"image\/jpeg"}],"author":"admin@SedExpo","twitter_card":"summary_large_image","twitter_creator":"@enerxetika","twitter_site":"@enerxetika","twitter_misc":{"Escrito por":"admin@SedExpo","Tempo de lectura":"5 minutos"},"schema":{"@context":"https:\/\/schema.org","@graph":[{"@type":"Article","@id":"https:\/\/www.enerxetika.com\/gl\/enerxetika-y-expomunicipal-reunen-desde-manana-520-firmas-de-24-paises-en-una-doble-cita-ferial-con-los-sectores-energetico-y-municipal\/#article","isPartOf":{"@id":"https:\/\/www.enerxetika.com\/gl\/enerxetika-y-expomunicipal-reunen-desde-manana-520-firmas-de-24-paises-en-una-doble-cita-ferial-con-los-sectores-energetico-y-municipal\/"},"author":{"name":"admin@SedExpo","@id":"https:\/\/www.enerxetika.com\/gl\/#\/schema\/person\/1fc7315d6712a25472b2c1ce06566872"},"headline":"Enerx\u00e9tika e ExpoMunicipal re\u00fanen dende ma\u00f1\u00e1 520 firmas de 24 pa\u00edses nunha dobre cita feiral cos sectores enerx\u00e9tico e municipal","datePublished":"2024-04-10T10:55:44+00:00","dateModified":"2024-04-10T10:57:40+00:00","mainEntityOfPage":{"@id":"https:\/\/www.enerxetika.com\/gl\/enerxetika-y-expomunicipal-reunen-desde-manana-520-firmas-de-24-paises-en-una-doble-cita-ferial-con-los-sectores-energetico-y-municipal\/"},"wordCount":1001,"publisher":{"@id":"https:\/\/www.enerxetika.com\/gl\/#organization"},"articleSection":["Uncategorized @gl"],"inLanguage":"gl-ES"},{"@type":"WebPage","@id":"https:\/\/www.enerxetika.com\/gl\/enerxetika-y-expomunicipal-reunen-desde-manana-520-firmas-de-24-paises-en-una-doble-cita-ferial-con-los-sectores-energetico-y-municipal\/","url":"https:\/\/www.enerxetika.com\/gl\/enerxetika-y-expomunicipal-reunen-desde-manana-520-firmas-de-24-paises-en-una-doble-cita-ferial-con-los-sectores-energetico-y-municipal\/","name":"Enerx\u00e9tika e ExpoMunicipal re\u00fanen dende ma\u00f1\u00e1 520 firmas de 24 pa\u00edses nunha dobre cita feiral cos sectores enerx\u00e9tico e municipal - ENERXETIKA","isPartOf":{"@id":"https:\/\/www.enerxetika.com\/gl\/#website"},"datePublished":"2024-04-10T10:55:44+00:00","dateModified":"2024-04-10T10:57:40+00:00","breadcrumb":{"@id":"https:\/\/www.enerxetika.com\/gl\/enerxetika-y-expomunicipal-reunen-desde-manana-520-firmas-de-24-paises-en-una-doble-cita-ferial-con-los-sectores-energetico-y-municipal\/#breadcrumb"},"inLanguage":"gl-ES","potentialAction":[{"@type":"ReadAction","target":["https:\/\/www.enerxetika.com\/gl\/enerxetika-y-expomunicipal-reunen-desde-manana-520-firmas-de-24-paises-en-una-doble-cita-ferial-con-los-sectores-energetico-y-municipal\/"]}]},{"@type":"BreadcrumbList","@id":"https:\/\/www.enerxetika.com\/gl\/enerxetika-y-expomunicipal-reunen-desde-manana-520-firmas-de-24-paises-en-una-doble-cita-ferial-con-los-sectores-energetico-y-municipal\/#breadcrumb","itemListElement":[{"@type":"ListItem","position":1,"name":"Portada","item":"https:\/\/www.enerxetika.com\/gl\/"},{"@type":"ListItem","position":2,"name":"Enerx\u00e9tika e ExpoMunicipal re\u00fanen dende ma\u00f1\u00e1 520 firmas de 24 pa\u00edses nunha dobre cita feiral cos sectores enerx\u00e9tico e municipal"}]},{"@type":"WebSite","@id":"https:\/\/www.enerxetika.com\/gl\/#website","url":"https:\/\/www.enerxetika.com\/gl\/","name":"ENERXETIKA","description":"Feria de la Energ\u00eda","publisher":{"@id":"https:\/\/www.enerxetika.com\/gl\/#organization"},"potentialAction":[{"@type":"SearchAction","target":{"@type":"EntryPoint","urlTemplate":"https:\/\/www.enerxetika.com\/gl\/?s={search_term_string}"},"query-input":"required name=search_term_string"}],"inLanguage":"gl-ES"},{"@type":"Organization","@id":"https:\/\/www.enerxetika.com\/gl\/#organization","name":"ENERXETIKA","url":"https:\/\/www.enerxetika.com\/gl\/","logo":{"@type":"ImageObject","inLanguage":"gl-ES","@id":"https:\/\/www.enerxetika.com\/gl\/#\/schema\/logo\/image\/","url":"","contentUrl":"","caption":"ENERXETIKA"},"image":{"@id":"https:\/\/www.enerxetika.com\/gl\/#\/schema\/logo\/image\/"},"sameAs":["https:\/\/www.facebook.com\/enerxetika","https:\/\/twitter.com\/enerxetika","https:\/\/es.linkedin.com\/company\/feira-internacional-de-galicia---figa"]},{"@type":"Person","@id":"https:\/\/www.enerxetika.com\/gl\/#\/schema\/person\/1fc7315d6712a25472b2c1ce06566872","name":"admin@SedExpo","image":{"@type":"ImageObject","inLanguage":"gl-ES","@id":"https:\/\/www.enerxetika.com\/gl\/#\/schema\/person\/image\/","url":"https:\/\/secure.gravatar.com\/avatar\/2aee3a429c5c84b2486f82e4bb736b27e478d3632de0946f5aba7087273fe2cb?s=96&d=mm&r=g","contentUrl":"https:\/\/secure.gravatar.com\/avatar\/2aee3a429c5c84b2486f82e4bb736b27e478d3632de0946f5aba7087273fe2cb?s=96&d=mm&r=g","caption":"admin@SedExpo"},"url":"https:\/\/www.enerxetika.com\/gl\/author\/adminsedexpo\/"}]}},"_links":{"self":[{"href":"https:\/\/www.enerxetika.com\/gl\/wp-json\/wp\/v2\/posts\/3930","targetHints":{"allow":["GET"]}}],"collection":[{"href":"https:\/\/www.enerxetika.com\/gl\/wp-json\/wp\/v2\/posts"}],"about":[{"href":"https:\/\/www.enerxetika.com\/gl\/wp-json\/wp\/v2\/types\/post"}],"author":[{"embeddable":true,"href":"https:\/\/www.enerxetika.com\/gl\/wp-json\/wp\/v2\/users\/1"}],"replies":[{"embeddable":true,"href":"https:\/\/www.enerxetika.com\/gl\/wp-json\/wp\/v2\/comments?post=3930"}],"version-history":[{"count":1,"href":"https:\/\/www.enerxetika.com\/gl\/wp-json\/wp\/v2\/posts\/3930\/revisions"}],"predecessor-version":[{"id":3931,"href":"https:\/\/www.enerxetika.com\/gl\/wp-json\/wp\/v2\/posts\/3930\/revisions\/3931"}],"wp:featuredmedia":[{"embeddable":true,"href":"https:\/\/www.enerxetika.com\/gl\/wp-json\/wp\/v2\/media\/3832"}],"wp:attachment":[{"href":"https:\/\/www.enerxetika.com\/gl\/wp-json\/wp\/v2\/media?parent=3930"}],"wp:term":[{"taxonomy":"category","embeddable":true,"href":"https:\/\/www.enerxetika.com\/gl\/wp-json\/wp\/v2\/categories?post=3930"},{"taxonomy":"post_tag","embeddable":true,"href":"https:\/\/www.enerxetika.com\/gl\/wp-json\/wp\/v2\/tags?post=3930"}],"curies":[{"name":"wp","href":"https:\/\/api.w.org\/{rel}","templated":true}]}}