{"id":3940,"date":"2024-04-11T13:50:54","date_gmt":"2024-04-11T13:50:54","guid":{"rendered":"https:\/\/www.enerxetika.com\/enerxetika-2024-fue-escenario-hoy-de-dos-foros-con-gran-caracter-estrategico-el-de-biomasa-y-el-iberoamericano-de-ingenieros-de-la-energia\/"},"modified":"2024-04-11T13:53:47","modified_gmt":"2024-04-11T13:53:47","slug":"enerxetika-2024-fue-escenario-hoy-de-dos-foros-con-gran-caracter-estrategico-el-de-biomasa-y-el-iberoamericano-de-ingenieros-de-la-energia","status":"publish","type":"post","link":"https:\/\/www.enerxetika.com\/gl\/enerxetika-2024-fue-escenario-hoy-de-dos-foros-con-gran-caracter-estrategico-el-de-biomasa-y-el-iberoamericano-de-ingenieros-de-la-energia\/","title":{"rendered":"Enerx\u00e9tika 2024 foi escenario hoxe de dous foros con gran car\u00e1cter estrat\u00e9xico, o de Biomasa e o Iberoamericano de Enxe\u00f1eiros da Enerx\u00eda"},"content":{"rendered":"<ul>\n<li><strong>O ENCONTRO CENTRADO NA BIOMASA CONTOU COA PRESENZA DO DIRECTOR XERAL DE PLANIFICACI\u00d3N ENERX\u00c9TICA E RECURSOS NATURAIS DA XUNTA DE GALICIA, PABLO FERN\u00c1NDEZ, E O DIRECTOR DA AXENCIA GALEGA DA INDUSTRIA FORESTAL, JACOBO ABOAL<\/strong><\/li>\n<li><strong>CORENTA EXPERTOS DE DIVERSOS \u00c1MBITOS E PA\u00cdSES ACHEGARON O SEU PUNTO DE VISTA NESTAS XORNADAS DA FEIRA, A CAL SE CELEBRA ATA O S\u00c1BADO NO RECINTO FEIRA INTERNACIONAL DE GALICIA ABANCA<\/strong><\/li>\n<\/ul>\n<p><strong><em>\u00a0<\/em><\/strong><strong><em>Silleda, 11 de abril de 2024<\/em><\/strong>.- O certame Enerx\u00e9tika 2024, o cal se celebra desde hoxe ata o s\u00e1bado no recinto Feira Internacional de Galicia ABANCA e de forma paralela ao sal\u00f3n ExpoMunicipal, acolleu esta ma\u00f1\u00e1 dous foros de gran relevancia para o sector nos que participaron un total de corenta expertos de diversos \u00e1mbitos e pa\u00edses, entre eles Espa\u00f1a, Portugal e Chile.<\/p>\n<p>As\u00ed, celebrouse o V Foro da Biomasa, organizado polo Cl\u00faster da Biomasa de Galicia co obxectivo de explorar o papel do sector da biomasa como catalizador cara \u00e1 neutralidade clim\u00e1tica.<\/p>\n<p>Na inauguraci\u00f3n desta cita participou o director xeral de Planificaci\u00f3n Enerx\u00e9tica e Recursos Naturais da Xunta de Galicia, Pablo Fern\u00e1ndez, quen agradeceu o compromiso do Cl\u00faster da Biomasa coa feira e resaltou tanto que Galicia \u00e9 unha potencia en enerx\u00edas renovables como a especial relevancia da biomasa como fonte de enerx\u00eda t\u00e9rmica, \u00e1 vez que considerou que o papel da administraci\u00f3n \u00e9 po\u00f1er as ferramentas necesarias para a transici\u00f3n enerx\u00e9tica, con liderado e de forma exemplarizante. Acompa\u00f1ouno o director da Axencia Galega da Industria Forestal da Xunta, Jacobo Aboal, quen quixo subli\u00f1ar a oportunidade da biomasa en soluci\u00f3ns neutras, ademais de destacar o traballo do Cl\u00faster. Tam\u00e9n estiveron presentes o presidente do Cl\u00faster da Biomasa, Francisco \u00c1lvarez, que aproveitou para agradecer o apoio institucional e tam\u00e9n o da feira, e o director da Fundaci\u00f3n Semana Verde de Galicia, Ricardo Dur\u00e1n, quen destacou o traballo \u201cc\u00f3bado con c\u00f3bado\u201d para a feira co Instituto Enerx\u00e9tico de Galicia (INEGA) e agradeceu o apoio das d\u00faas direcci\u00f3ns xerais presentes.<\/p>\n<p>A primeira sesi\u00f3n abordou a biomasa nas AAPP de Galicia, expo\u00f1endo a biomasa para usos enerx\u00e9ticos na Axenda Enerx\u00e9tica de Galicia 2030, o proxecto Aldealix e o impulso nas Comunidades Enerx\u00e9ticas baseadas na biomasa, as redes de calor con biomasa na Conseller\u00eda de Educaci\u00f3n e a viabilidade de redes de calor urbanas con biomasa en Galicia.<\/p>\n<p>O segundo bloque centrouse no recurso forestal en Galicia e dixitalizaci\u00f3n. Con esta premisa analiz\u00e1ronse a evoluci\u00f3n de superficies forestais en Galicia, o aproveitamento de masas actuais e a s\u00faa potencialidade, as necesidades de dixitalizaci\u00f3n e permisos de curta e fortra, le\u00f1as de calidade controlada nun mercado de 1 mill\u00f3n de toneladas e tam\u00e9n a evoluci\u00f3n do mercado das <em>astillas<\/em> enerx\u00e9ticas e os requisitos de sustentabilidade. A terceira das sesi\u00f3ns versou sobre os retos da biomasa no futuro mix enerx\u00e9tico.<\/p>\n<p>Entre a segunda e a terceira sesi\u00f3n, o foro celebrou d\u00faas interesantes mesas redondas. A primeira delas profundou no pellet de madeira, a s\u00faa evoluci\u00f3n e novos escenarios regulatorios, mentres que a segunda fixo o propio coa descarbonizaci\u00f3n da industrial.<\/p>\n<p><strong><img loading=\"lazy\" decoding=\"async\" class=\"alignleft\" src=\"https:\/\/lh3.googleusercontent.com\/pw\/AP1GczP5sVrmolCLj62JeCesmSTxLGwRimV7FRS25XfCQMB73UlowuWFkgyfHznMwEguXf9W17yXj7Vzqig2DQSL0lc6kuZ7-JhBZwa-LDkNvscL9md6QDtt5OHrPHvP_iq4Iu_mXIa0nMjXUah4J38_zdiV=w2271-h1279-s-no-gm?authuser=0\" width=\"758\" height=\"427\" \/><\/strong><\/p>\n<p><strong>III Foro Iberoamericano de Enxe\u00f1eiros da<\/strong> <strong>Enerx\u00eda<\/strong><\/p>\n<p>As\u00ed mesmo, a feira acolleu esta ma\u00f1\u00e1 o III Foro Iberoamericano de Enxe\u00f1eiros da Enerx\u00eda, organizado polo Instituto Iberoamericano de Enxe\u00f1eiros da Enerx\u00eda\u2013 3IE ENERG\u00cdA, o cal analizou distintos aspectos relacionados co sector enerx\u00e9tico tanto en diversos pa\u00edses de Latinoam\u00e9rica como na Pen\u00ednsula Ib\u00e9rica.<\/p>\n<p>As\u00ed, exp\u00faxose a pol\u00edtica enerx\u00e9tica en Portugal e tam\u00e9n o mercado el\u00e9ctrico chileno respecto a os retos de protecci\u00f3n ao consumidor e a garant\u00eda de investimento. As\u00ed mesmo, falouse sobre hidr\u00f3xeno verde, auditor\u00edas enerx\u00e9ticas e a oportunidade para os Certificados de Aforro Enerx\u00e9tico, xesti\u00f3n enerx\u00e9tica industrial e casos de \u00e9xito na xesti\u00f3n de equipos auxiliares e sobre rehabilitaci\u00f3n enerx\u00e9tica integral de edificios.<\/p>\n<p>Sum\u00e1ronse nos temas abordados a telexesti\u00f3n de alumeado e os centros de mando como nodos de comunicaci\u00f3n, os refrixerantes ecol\u00f3xicos e a bomba de calor de CO2 Daitsu HT Prol para ACS, metodolox\u00eda de avaliaci\u00f3n socioecon\u00f3mica de proxectos de transici\u00f3n enerx\u00e9tica en edificios p\u00fablicos, mobilidade el\u00e9ctrica respecto a infraestrutura el\u00e9ctrica de recarga con subministraci\u00f3ns en baixa e alta tensi\u00f3n en emprazamentos existentes dixitalizaci\u00f3n do mantemento e\u00f3lico e ademais do sistema de detecci\u00f3n e monitorizaci\u00f3n da avifauna na contorna de parques e\u00f3licos MakeMake.<\/p>\n","protected":false},"excerpt":{"rendered":"<p>O ENCONTRO CENTRADO NA BIOMASA CONTOU COA PRESENZA DO DIRECTOR XERAL DE PLANIFICACI\u00d3N ENERX\u00c9TICA E RECURSOS NATURAIS DA XUNTA DE GALICIA, PABLO FERN\u00c1NDEZ, E O DIRECTOR DA AXENCIA GALEGA DA INDUSTRIA FORESTAL, JACOBO ABOAL CORENTA EXPERTOS DE DIVERSOS \u00c1MBITOS E PA\u00cdSES ACHEGARON O SEU PUNTO DE VISTA NESTAS XORNADAS DA FEIRA, A CAL SE CELEBRA &#8230; <a title=\"Enerx\u00e9tika 2024 foi escenario hoxe de dous foros con gran car\u00e1cter estrat\u00e9xico, o de Biomasa e o Iberoamericano de Enxe\u00f1eiros da Enerx\u00eda\" class=\"read-more\" href=\"https:\/\/www.enerxetika.com\/gl\/enerxetika-2024-fue-escenario-hoy-de-dos-foros-con-gran-caracter-estrategico-el-de-biomasa-y-el-iberoamericano-de-ingenieros-de-la-energia\/\" aria-label=\"M\u00e1is en Enerx\u00e9tika 2024 foi escenario hoxe de dous foros con gran car\u00e1cter estrat\u00e9xico, o de Biomasa e o Iberoamericano de Enxe\u00f1eiros da Enerx\u00eda\">Ler m\u00e1is<\/a><\/p>\n","protected":false},"author":1,"featured_media":3938,"comment_status":"closed","ping_status":"closed","sticky":false,"template":"","format":"standard","meta":{"footnotes":""},"categories":[18],"tags":[],"class_list":["post-3940","post","type-post","status-publish","format-standard","has-post-thumbnail","hentry","category-uncategorized-gl"],"acf":[],"yoast_head":"<!-- This site is optimized with the Yoast SEO plugin v20.4 - https:\/\/yoast.com\/wordpress\/plugins\/seo\/ -->\n<title>Enerx\u00e9tika 2024 foi escenario hoxe de dous foros con gran car\u00e1cter estrat\u00e9xico, o de Biomasa e o Iberoamericano de Enxe\u00f1eiros da Enerx\u00eda - ENERXETIKA<\/title>\n<meta name=\"robots\" content=\"index, follow, max-snippet:-1, max-image-preview:large, max-video-preview:-1\" \/>\n<link rel=\"canonical\" href=\"https:\/\/www.enerxetika.com\/gl\/enerxetika-2024-fue-escenario-hoy-de-dos-foros-con-gran-caracter-estrategico-el-de-biomasa-y-el-iberoamericano-de-ingenieros-de-la-energia\/\" \/>\n<meta property=\"og:locale\" content=\"gl_ES\" \/>\n<meta property=\"og:type\" content=\"article\" \/>\n<meta property=\"og:title\" content=\"Enerx\u00e9tika 2024 foi escenario hoxe de dous foros con gran car\u00e1cter estrat\u00e9xico, o de Biomasa e o Iberoamericano de Enxe\u00f1eiros da Enerx\u00eda - ENERXETIKA\" \/>\n<meta property=\"og:description\" content=\"O ENCONTRO CENTRADO NA BIOMASA CONTOU COA PRESENZA DO DIRECTOR XERAL DE PLANIFICACI\u00d3N ENERX\u00c9TICA E RECURSOS NATURAIS DA XUNTA DE GALICIA, PABLO FERN\u00c1NDEZ, E O DIRECTOR DA AXENCIA GALEGA DA INDUSTRIA FORESTAL, JACOBO ABOAL CORENTA EXPERTOS DE DIVERSOS \u00c1MBITOS E PA\u00cdSES ACHEGARON O SEU PUNTO DE VISTA NESTAS XORNADAS DA FEIRA, A CAL SE CELEBRA ... Ler m\u00e1is\" \/>\n<meta property=\"og:url\" content=\"https:\/\/www.enerxetika.com\/gl\/enerxetika-2024-fue-escenario-hoy-de-dos-foros-con-gran-caracter-estrategico-el-de-biomasa-y-el-iberoamericano-de-ingenieros-de-la-energia\/\" \/>\n<meta property=\"og:site_name\" content=\"ENERXETIKA\" \/>\n<meta property=\"article:publisher\" content=\"https:\/\/www.facebook.com\/enerxetika\" \/>\n<meta property=\"article:published_time\" content=\"2024-04-11T13:50:54+00:00\" \/>\n<meta property=\"article:modified_time\" content=\"2024-04-11T13:53:47+00:00\" \/>\n<meta property=\"og:image\" content=\"https:\/\/www.enerxetika.com\/wp-content\/uploads\/2024\/04\/inauguracion-Foro-da-Biomasa-en-Enerketika-DSC06269-scaled.jpg\" \/>\n\t<meta property=\"og:image:width\" content=\"2560\" \/>\n\t<meta property=\"og:image:height\" content=\"1441\" \/>\n\t<meta property=\"og:image:type\" content=\"image\/jpeg\" \/>\n<meta name=\"author\" content=\"admin@SedExpo\" \/>\n<meta name=\"twitter:card\" content=\"summary_large_image\" \/>\n<meta name=\"twitter:creator\" content=\"@enerxetika\" \/>\n<meta name=\"twitter:site\" content=\"@enerxetika\" \/>\n<meta name=\"twitter:label1\" content=\"Escrito por\" \/>\n\t<meta name=\"twitter:data1\" content=\"admin@SedExpo\" \/>\n\t<meta name=\"twitter:label2\" content=\"Tempo de lectura\" \/>\n\t<meta name=\"twitter:data2\" content=\"4 minutos\" \/>\n<script type=\"application\/ld+json\" class=\"yoast-schema-graph\">{\"@context\":\"https:\/\/schema.org\",\"@graph\":[{\"@type\":\"Article\",\"@id\":\"https:\/\/www.enerxetika.com\/gl\/enerxetika-2024-fue-escenario-hoy-de-dos-foros-con-gran-caracter-estrategico-el-de-biomasa-y-el-iberoamericano-de-ingenieros-de-la-energia\/#article\",\"isPartOf\":{\"@id\":\"https:\/\/www.enerxetika.com\/gl\/enerxetika-2024-fue-escenario-hoy-de-dos-foros-con-gran-caracter-estrategico-el-de-biomasa-y-el-iberoamericano-de-ingenieros-de-la-energia\/\"},\"author\":{\"name\":\"admin@SedExpo\",\"@id\":\"https:\/\/www.enerxetika.com\/gl\/#\/schema\/person\/1fc7315d6712a25472b2c1ce06566872\"},\"headline\":\"Enerx\u00e9tika 2024 foi escenario hoxe de dous foros con gran car\u00e1cter estrat\u00e9xico, o de Biomasa e o Iberoamericano de Enxe\u00f1eiros da Enerx\u00eda\",\"datePublished\":\"2024-04-11T13:50:54+00:00\",\"dateModified\":\"2024-04-11T13:53:47+00:00\",\"mainEntityOfPage\":{\"@id\":\"https:\/\/www.enerxetika.com\/gl\/enerxetika-2024-fue-escenario-hoy-de-dos-foros-con-gran-caracter-estrategico-el-de-biomasa-y-el-iberoamericano-de-ingenieros-de-la-energia\/\"},\"wordCount\":821,\"publisher\":{\"@id\":\"https:\/\/www.enerxetika.com\/gl\/#organization\"},\"articleSection\":[\"Uncategorized @gl\"],\"inLanguage\":\"gl-ES\"},{\"@type\":\"WebPage\",\"@id\":\"https:\/\/www.enerxetika.com\/gl\/enerxetika-2024-fue-escenario-hoy-de-dos-foros-con-gran-caracter-estrategico-el-de-biomasa-y-el-iberoamericano-de-ingenieros-de-la-energia\/\",\"url\":\"https:\/\/www.enerxetika.com\/gl\/enerxetika-2024-fue-escenario-hoy-de-dos-foros-con-gran-caracter-estrategico-el-de-biomasa-y-el-iberoamericano-de-ingenieros-de-la-energia\/\",\"name\":\"Enerx\u00e9tika 2024 foi escenario hoxe de dous foros con gran car\u00e1cter estrat\u00e9xico, o de Biomasa e o Iberoamericano de Enxe\u00f1eiros da Enerx\u00eda - ENERXETIKA\",\"isPartOf\":{\"@id\":\"https:\/\/www.enerxetika.com\/gl\/#website\"},\"datePublished\":\"2024-04-11T13:50:54+00:00\",\"dateModified\":\"2024-04-11T13:53:47+00:00\",\"breadcrumb\":{\"@id\":\"https:\/\/www.enerxetika.com\/gl\/enerxetika-2024-fue-escenario-hoy-de-dos-foros-con-gran-caracter-estrategico-el-de-biomasa-y-el-iberoamericano-de-ingenieros-de-la-energia\/#breadcrumb\"},\"inLanguage\":\"gl-ES\",\"potentialAction\":[{\"@type\":\"ReadAction\",\"target\":[\"https:\/\/www.enerxetika.com\/gl\/enerxetika-2024-fue-escenario-hoy-de-dos-foros-con-gran-caracter-estrategico-el-de-biomasa-y-el-iberoamericano-de-ingenieros-de-la-energia\/\"]}]},{\"@type\":\"BreadcrumbList\",\"@id\":\"https:\/\/www.enerxetika.com\/gl\/enerxetika-2024-fue-escenario-hoy-de-dos-foros-con-gran-caracter-estrategico-el-de-biomasa-y-el-iberoamericano-de-ingenieros-de-la-energia\/#breadcrumb\",\"itemListElement\":[{\"@type\":\"ListItem\",\"position\":1,\"name\":\"Portada\",\"item\":\"https:\/\/www.enerxetika.com\/gl\/\"},{\"@type\":\"ListItem\",\"position\":2,\"name\":\"Enerx\u00e9tika 2024 foi escenario hoxe de dous foros con gran car\u00e1cter estrat\u00e9xico, o de Biomasa e o Iberoamericano de Enxe\u00f1eiros da Enerx\u00eda\"}]},{\"@type\":\"WebSite\",\"@id\":\"https:\/\/www.enerxetika.com\/gl\/#website\",\"url\":\"https:\/\/www.enerxetika.com\/gl\/\",\"name\":\"ENERXETIKA\",\"description\":\"Feria de la Energ\u00eda\",\"publisher\":{\"@id\":\"https:\/\/www.enerxetika.com\/gl\/#organization\"},\"potentialAction\":[{\"@type\":\"SearchAction\",\"target\":{\"@type\":\"EntryPoint\",\"urlTemplate\":\"https:\/\/www.enerxetika.com\/gl\/?s={search_term_string}\"},\"query-input\":\"required name=search_term_string\"}],\"inLanguage\":\"gl-ES\"},{\"@type\":\"Organization\",\"@id\":\"https:\/\/www.enerxetika.com\/gl\/#organization\",\"name\":\"ENERXETIKA\",\"url\":\"https:\/\/www.enerxetika.com\/gl\/\",\"logo\":{\"@type\":\"ImageObject\",\"inLanguage\":\"gl-ES\",\"@id\":\"https:\/\/www.enerxetika.com\/gl\/#\/schema\/logo\/image\/\",\"url\":\"\",\"contentUrl\":\"\",\"caption\":\"ENERXETIKA\"},\"image\":{\"@id\":\"https:\/\/www.enerxetika.com\/gl\/#\/schema\/logo\/image\/\"},\"sameAs\":[\"https:\/\/www.facebook.com\/enerxetika\",\"https:\/\/twitter.com\/enerxetika\",\"https:\/\/es.linkedin.com\/company\/feira-internacional-de-galicia---figa\"]},{\"@type\":\"Person\",\"@id\":\"https:\/\/www.enerxetika.com\/gl\/#\/schema\/person\/1fc7315d6712a25472b2c1ce06566872\",\"name\":\"admin@SedExpo\",\"image\":{\"@type\":\"ImageObject\",\"inLanguage\":\"gl-ES\",\"@id\":\"https:\/\/www.enerxetika.com\/gl\/#\/schema\/person\/image\/\",\"url\":\"https:\/\/secure.gravatar.com\/avatar\/2aee3a429c5c84b2486f82e4bb736b27e478d3632de0946f5aba7087273fe2cb?s=96&d=mm&r=g\",\"contentUrl\":\"https:\/\/secure.gravatar.com\/avatar\/2aee3a429c5c84b2486f82e4bb736b27e478d3632de0946f5aba7087273fe2cb?s=96&d=mm&r=g\",\"caption\":\"admin@SedExpo\"},\"url\":\"https:\/\/www.enerxetika.com\/gl\/author\/adminsedexpo\/\"}]}<\/script>\n<!-- \/ Yoast SEO plugin. -->","yoast_head_json":{"title":"Enerx\u00e9tika 2024 foi escenario hoxe de dous foros con gran car\u00e1cter estrat\u00e9xico, o de Biomasa e o Iberoamericano de Enxe\u00f1eiros da Enerx\u00eda - ENERXETIKA","robots":{"index":"index","follow":"follow","max-snippet":"max-snippet:-1","max-image-preview":"max-image-preview:large","max-video-preview":"max-video-preview:-1"},"canonical":"https:\/\/www.enerxetika.com\/gl\/enerxetika-2024-fue-escenario-hoy-de-dos-foros-con-gran-caracter-estrategico-el-de-biomasa-y-el-iberoamericano-de-ingenieros-de-la-energia\/","og_locale":"gl_ES","og_type":"article","og_title":"Enerx\u00e9tika 2024 foi escenario hoxe de dous foros con gran car\u00e1cter estrat\u00e9xico, o de Biomasa e o Iberoamericano de Enxe\u00f1eiros da Enerx\u00eda - ENERXETIKA","og_description":"O ENCONTRO CENTRADO NA BIOMASA CONTOU COA PRESENZA DO DIRECTOR XERAL DE PLANIFICACI\u00d3N ENERX\u00c9TICA E RECURSOS NATURAIS DA XUNTA DE GALICIA, PABLO FERN\u00c1NDEZ, E O DIRECTOR DA AXENCIA GALEGA DA INDUSTRIA FORESTAL, JACOBO ABOAL CORENTA EXPERTOS DE DIVERSOS \u00c1MBITOS E PA\u00cdSES ACHEGARON O SEU PUNTO DE VISTA NESTAS XORNADAS DA FEIRA, A CAL SE CELEBRA ... Ler m\u00e1is","og_url":"https:\/\/www.enerxetika.com\/gl\/enerxetika-2024-fue-escenario-hoy-de-dos-foros-con-gran-caracter-estrategico-el-de-biomasa-y-el-iberoamericano-de-ingenieros-de-la-energia\/","og_site_name":"ENERXETIKA","article_publisher":"https:\/\/www.facebook.com\/enerxetika","article_published_time":"2024-04-11T13:50:54+00:00","article_modified_time":"2024-04-11T13:53:47+00:00","og_image":[{"width":2560,"height":1441,"url":"https:\/\/www.enerxetika.com\/wp-content\/uploads\/2024\/04\/inauguracion-Foro-da-Biomasa-en-Enerketika-DSC06269-scaled.jpg","type":"image\/jpeg"}],"author":"admin@SedExpo","twitter_card":"summary_large_image","twitter_creator":"@enerxetika","twitter_site":"@enerxetika","twitter_misc":{"Escrito por":"admin@SedExpo","Tempo de lectura":"4 minutos"},"schema":{"@context":"https:\/\/schema.org","@graph":[{"@type":"Article","@id":"https:\/\/www.enerxetika.com\/gl\/enerxetika-2024-fue-escenario-hoy-de-dos-foros-con-gran-caracter-estrategico-el-de-biomasa-y-el-iberoamericano-de-ingenieros-de-la-energia\/#article","isPartOf":{"@id":"https:\/\/www.enerxetika.com\/gl\/enerxetika-2024-fue-escenario-hoy-de-dos-foros-con-gran-caracter-estrategico-el-de-biomasa-y-el-iberoamericano-de-ingenieros-de-la-energia\/"},"author":{"name":"admin@SedExpo","@id":"https:\/\/www.enerxetika.com\/gl\/#\/schema\/person\/1fc7315d6712a25472b2c1ce06566872"},"headline":"Enerx\u00e9tika 2024 foi escenario hoxe de dous foros con gran car\u00e1cter estrat\u00e9xico, o de Biomasa e o Iberoamericano de Enxe\u00f1eiros da Enerx\u00eda","datePublished":"2024-04-11T13:50:54+00:00","dateModified":"2024-04-11T13:53:47+00:00","mainEntityOfPage":{"@id":"https:\/\/www.enerxetika.com\/gl\/enerxetika-2024-fue-escenario-hoy-de-dos-foros-con-gran-caracter-estrategico-el-de-biomasa-y-el-iberoamericano-de-ingenieros-de-la-energia\/"},"wordCount":821,"publisher":{"@id":"https:\/\/www.enerxetika.com\/gl\/#organization"},"articleSection":["Uncategorized @gl"],"inLanguage":"gl-ES"},{"@type":"WebPage","@id":"https:\/\/www.enerxetika.com\/gl\/enerxetika-2024-fue-escenario-hoy-de-dos-foros-con-gran-caracter-estrategico-el-de-biomasa-y-el-iberoamericano-de-ingenieros-de-la-energia\/","url":"https:\/\/www.enerxetika.com\/gl\/enerxetika-2024-fue-escenario-hoy-de-dos-foros-con-gran-caracter-estrategico-el-de-biomasa-y-el-iberoamericano-de-ingenieros-de-la-energia\/","name":"Enerx\u00e9tika 2024 foi escenario hoxe de dous foros con gran car\u00e1cter estrat\u00e9xico, o de Biomasa e o Iberoamericano de Enxe\u00f1eiros da Enerx\u00eda - ENERXETIKA","isPartOf":{"@id":"https:\/\/www.enerxetika.com\/gl\/#website"},"datePublished":"2024-04-11T13:50:54+00:00","dateModified":"2024-04-11T13:53:47+00:00","breadcrumb":{"@id":"https:\/\/www.enerxetika.com\/gl\/enerxetika-2024-fue-escenario-hoy-de-dos-foros-con-gran-caracter-estrategico-el-de-biomasa-y-el-iberoamericano-de-ingenieros-de-la-energia\/#breadcrumb"},"inLanguage":"gl-ES","potentialAction":[{"@type":"ReadAction","target":["https:\/\/www.enerxetika.com\/gl\/enerxetika-2024-fue-escenario-hoy-de-dos-foros-con-gran-caracter-estrategico-el-de-biomasa-y-el-iberoamericano-de-ingenieros-de-la-energia\/"]}]},{"@type":"BreadcrumbList","@id":"https:\/\/www.enerxetika.com\/gl\/enerxetika-2024-fue-escenario-hoy-de-dos-foros-con-gran-caracter-estrategico-el-de-biomasa-y-el-iberoamericano-de-ingenieros-de-la-energia\/#breadcrumb","itemListElement":[{"@type":"ListItem","position":1,"name":"Portada","item":"https:\/\/www.enerxetika.com\/gl\/"},{"@type":"ListItem","position":2,"name":"Enerx\u00e9tika 2024 foi escenario hoxe de dous foros con gran car\u00e1cter estrat\u00e9xico, o de Biomasa e o Iberoamericano de Enxe\u00f1eiros da Enerx\u00eda"}]},{"@type":"WebSite","@id":"https:\/\/www.enerxetika.com\/gl\/#website","url":"https:\/\/www.enerxetika.com\/gl\/","name":"ENERXETIKA","description":"Feria de la Energ\u00eda","publisher":{"@id":"https:\/\/www.enerxetika.com\/gl\/#organization"},"potentialAction":[{"@type":"SearchAction","target":{"@type":"EntryPoint","urlTemplate":"https:\/\/www.enerxetika.com\/gl\/?s={search_term_string}"},"query-input":"required name=search_term_string"}],"inLanguage":"gl-ES"},{"@type":"Organization","@id":"https:\/\/www.enerxetika.com\/gl\/#organization","name":"ENERXETIKA","url":"https:\/\/www.enerxetika.com\/gl\/","logo":{"@type":"ImageObject","inLanguage":"gl-ES","@id":"https:\/\/www.enerxetika.com\/gl\/#\/schema\/logo\/image\/","url":"","contentUrl":"","caption":"ENERXETIKA"},"image":{"@id":"https:\/\/www.enerxetika.com\/gl\/#\/schema\/logo\/image\/"},"sameAs":["https:\/\/www.facebook.com\/enerxetika","https:\/\/twitter.com\/enerxetika","https:\/\/es.linkedin.com\/company\/feira-internacional-de-galicia---figa"]},{"@type":"Person","@id":"https:\/\/www.enerxetika.com\/gl\/#\/schema\/person\/1fc7315d6712a25472b2c1ce06566872","name":"admin@SedExpo","image":{"@type":"ImageObject","inLanguage":"gl-ES","@id":"https:\/\/www.enerxetika.com\/gl\/#\/schema\/person\/image\/","url":"https:\/\/secure.gravatar.com\/avatar\/2aee3a429c5c84b2486f82e4bb736b27e478d3632de0946f5aba7087273fe2cb?s=96&d=mm&r=g","contentUrl":"https:\/\/secure.gravatar.com\/avatar\/2aee3a429c5c84b2486f82e4bb736b27e478d3632de0946f5aba7087273fe2cb?s=96&d=mm&r=g","caption":"admin@SedExpo"},"url":"https:\/\/www.enerxetika.com\/gl\/author\/adminsedexpo\/"}]}},"_links":{"self":[{"href":"https:\/\/www.enerxetika.com\/gl\/wp-json\/wp\/v2\/posts\/3940","targetHints":{"allow":["GET"]}}],"collection":[{"href":"https:\/\/www.enerxetika.com\/gl\/wp-json\/wp\/v2\/posts"}],"about":[{"href":"https:\/\/www.enerxetika.com\/gl\/wp-json\/wp\/v2\/types\/post"}],"author":[{"embeddable":true,"href":"https:\/\/www.enerxetika.com\/gl\/wp-json\/wp\/v2\/users\/1"}],"replies":[{"embeddable":true,"href":"https:\/\/www.enerxetika.com\/gl\/wp-json\/wp\/v2\/comments?post=3940"}],"version-history":[{"count":2,"href":"https:\/\/www.enerxetika.com\/gl\/wp-json\/wp\/v2\/posts\/3940\/revisions"}],"predecessor-version":[{"id":3942,"href":"https:\/\/www.enerxetika.com\/gl\/wp-json\/wp\/v2\/posts\/3940\/revisions\/3942"}],"wp:featuredmedia":[{"embeddable":true,"href":"https:\/\/www.enerxetika.com\/gl\/wp-json\/wp\/v2\/media\/3938"}],"wp:attachment":[{"href":"https:\/\/www.enerxetika.com\/gl\/wp-json\/wp\/v2\/media?parent=3940"}],"wp:term":[{"taxonomy":"category","embeddable":true,"href":"https:\/\/www.enerxetika.com\/gl\/wp-json\/wp\/v2\/categories?post=3940"},{"taxonomy":"post_tag","embeddable":true,"href":"https:\/\/www.enerxetika.com\/gl\/wp-json\/wp\/v2\/tags?post=3940"}],"curies":[{"name":"wp","href":"https:\/\/api.w.org\/{rel}","templated":true}]}}