{"id":3968,"date":"2024-04-12T15:12:20","date_gmt":"2024-04-12T15:12:20","guid":{"rendered":"https:\/\/www.enerxetika.com\/diego-calvo-destaca-que-las-ferias-expomunicipal-y-enerxetica-convierten-estos-dias-a-galicia-en-referente-en-servicios-en-el-ambito-local-y-en-el-sector-de-la-energia\/"},"modified":"2024-04-12T15:13:51","modified_gmt":"2024-04-12T15:13:51","slug":"diego-calvo-destaca-que-las-ferias-expomunicipal-y-enerxetica-convierten-estos-dias-a-galicia-en-referente-en-servicios-en-el-ambito-local-y-en-el-sector-de-la-energia","status":"publish","type":"post","link":"https:\/\/www.enerxetika.com\/gl\/diego-calvo-destaca-que-las-ferias-expomunicipal-y-enerxetica-convierten-estos-dias-a-galicia-en-referente-en-servicios-en-el-ambito-local-y-en-el-sector-de-la-energia\/","title":{"rendered":"Diego Calvo destaca que as feiras ExpoMunicipal e Enerx\u00e9tica converten estes d\u00edas a Galicia en referente en servizos no \u00e1mbito local e no sector da enerx\u00eda"},"content":{"rendered":"<ul>\n<li><strong>O vicepresidente primeiro e conselleiro de Presidencia, Xustiza e Deportes en funci\u00f3ns visitou esta ma\u00f1\u00e1 os expositores de ambos eventos, que suman 520 firmas de 24 pa\u00edses e un ampla programaci\u00f3n paralela de actividades e demostraci\u00f3ns\u00a0<\/strong><\/li>\n<\/ul>\n<p><strong>Silleda (Pontevedra), 12 de abril de 2024. &#8211;\u00a0<\/strong>O vicepresidente primeiro e conselleiro de Presidencia, Xustiza e Deportes en funci\u00f3ns, Diego Calvo, visitou esta ma\u00f1\u00e1 os expositores da primeira edici\u00f3n da feira de servizos municipais ExpoMunicipal e da cuarta da feira de enerx\u00eda Enerx\u00e9tika, que desde onte e ata ma\u00f1\u00e1 se celebran no recinto da Feira Internacional de Galicia ABANCA en Silleda. \u00c1 visita tam\u00e9n asistiron a directora xeral de Administraci\u00f3n Local, Natalia Prieto; o director xeral de Emerxencias e Interior, Santiago Villanueva; o delegado territorial da Xunta en Pontevedra, Agust\u00edn Reguera, e o director da Fundaci\u00f3n Semana Verde, Ricardo Dur\u00e1n.<\/p>\n<p>Diego Calvo destacou que o feito de que coincidan ambos eventos sup\u00f3n un valor engadido e crea un espazo de converxencia entre empresas, instituci\u00f3ns, profesionais e consumidores onde est\u00e1n presentes 520 firmas de 24 pa\u00edses. As\u00ed, Galicia conv\u00e9rtese en punto de encontro a nivel peninsular para co\u00f1ecer a mellor oferta de produtos, servizos e \u00faltimas tecnolox\u00edas de utilidade para os municipios na prestaci\u00f3n de servizos de calidade \u00e1 s\u00faa veci\u00f1anza. Tam\u00e9n permite demostrar por que a comunidade galega \u00e9 referente en enerx\u00edas renovables.<\/p>\n<h4 class=\"accssme-widget-titles\"><strong class=\"accssme-widget-text\">&gt;&gt;&gt;\u00a0<a class=\"accssme-widget-links accssme-widget-text\" href=\"https:\/\/photos.app.goo.gl\/4NFTWHrPPiibhUzSA\" target=\"_blank\" rel=\"noopener\">Fotograf\u00edas de Enerx\u00e9tika 2024<\/a><\/strong><\/h4>\n","protected":false},"excerpt":{"rendered":"<p>O vicepresidente primeiro e conselleiro de Presidencia, Xustiza e Deportes en funci\u00f3ns visitou esta ma\u00f1\u00e1 os expositores de ambos eventos, que suman 520 firmas de 24 pa\u00edses e un ampla programaci\u00f3n paralela de actividades e demostraci\u00f3ns\u00a0 Silleda (Pontevedra), 12 de abril de 2024. &#8211;\u00a0O vicepresidente primeiro e conselleiro de Presidencia, Xustiza e Deportes en funci\u00f3ns, &#8230; <a title=\"Diego Calvo destaca que as feiras ExpoMunicipal e Enerx\u00e9tica converten estes d\u00edas a Galicia en referente en servizos no \u00e1mbito local e no sector da enerx\u00eda\" class=\"read-more\" href=\"https:\/\/www.enerxetika.com\/gl\/diego-calvo-destaca-que-las-ferias-expomunicipal-y-enerxetica-convierten-estos-dias-a-galicia-en-referente-en-servicios-en-el-ambito-local-y-en-el-sector-de-la-energia\/\" aria-label=\"M\u00e1is en Diego Calvo destaca que as feiras ExpoMunicipal e Enerx\u00e9tica converten estes d\u00edas a Galicia en referente en servizos no \u00e1mbito local e no sector da enerx\u00eda\">Ler m\u00e1is<\/a><\/p>\n","protected":false},"author":1,"featured_media":3966,"comment_status":"closed","ping_status":"closed","sticky":false,"template":"","format":"standard","meta":{"footnotes":""},"categories":[18],"tags":[],"class_list":["post-3968","post","type-post","status-publish","format-standard","has-post-thumbnail","hentry","category-uncategorized-gl"],"acf":[],"yoast_head":"<!-- This site is optimized with the Yoast SEO plugin v20.4 - https:\/\/yoast.com\/wordpress\/plugins\/seo\/ -->\n<title>Diego Calvo destaca que as feiras ExpoMunicipal e Enerx\u00e9tica converten estes d\u00edas a Galicia en referente en servizos no \u00e1mbito local e no sector da enerx\u00eda - ENERXETIKA<\/title>\n<meta name=\"robots\" content=\"index, follow, max-snippet:-1, max-image-preview:large, max-video-preview:-1\" \/>\n<link rel=\"canonical\" href=\"https:\/\/www.enerxetika.com\/gl\/diego-calvo-destaca-que-las-ferias-expomunicipal-y-enerxetica-convierten-estos-dias-a-galicia-en-referente-en-servicios-en-el-ambito-local-y-en-el-sector-de-la-energia\/\" \/>\n<meta property=\"og:locale\" content=\"gl_ES\" \/>\n<meta property=\"og:type\" content=\"article\" \/>\n<meta property=\"og:title\" content=\"Diego Calvo destaca que as feiras ExpoMunicipal e Enerx\u00e9tica converten estes d\u00edas a Galicia en referente en servizos no \u00e1mbito local e no sector da enerx\u00eda - ENERXETIKA\" \/>\n<meta property=\"og:description\" content=\"O vicepresidente primeiro e conselleiro de Presidencia, Xustiza e Deportes en funci\u00f3ns visitou esta ma\u00f1\u00e1 os expositores de ambos eventos, que suman 520 firmas de 24 pa\u00edses e un ampla programaci\u00f3n paralela de actividades e demostraci\u00f3ns\u00a0 Silleda (Pontevedra), 12 de abril de 2024. &#8211;\u00a0O vicepresidente primeiro e conselleiro de Presidencia, Xustiza e Deportes en funci\u00f3ns, ... Ler m\u00e1is\" \/>\n<meta property=\"og:url\" content=\"https:\/\/www.enerxetika.com\/gl\/diego-calvo-destaca-que-las-ferias-expomunicipal-y-enerxetica-convierten-estos-dias-a-galicia-en-referente-en-servicios-en-el-ambito-local-y-en-el-sector-de-la-energia\/\" \/>\n<meta property=\"og:site_name\" content=\"ENERXETIKA\" \/>\n<meta property=\"article:publisher\" content=\"https:\/\/www.facebook.com\/enerxetika\" \/>\n<meta property=\"article:published_time\" content=\"2024-04-12T15:12:20+00:00\" \/>\n<meta property=\"article:modified_time\" content=\"2024-04-12T15:13:51+00:00\" \/>\n<meta property=\"og:image\" content=\"https:\/\/www.enerxetika.com\/wp-content\/uploads\/2024\/04\/DSC06940-scaled.jpg\" \/>\n\t<meta property=\"og:image:width\" content=\"2560\" \/>\n\t<meta property=\"og:image:height\" content=\"1441\" \/>\n\t<meta property=\"og:image:type\" content=\"image\/jpeg\" \/>\n<meta name=\"author\" content=\"admin@SedExpo\" \/>\n<meta name=\"twitter:card\" content=\"summary_large_image\" \/>\n<meta name=\"twitter:creator\" content=\"@enerxetika\" \/>\n<meta name=\"twitter:site\" content=\"@enerxetika\" \/>\n<meta name=\"twitter:label1\" content=\"Escrito por\" \/>\n\t<meta name=\"twitter:data1\" content=\"admin@SedExpo\" \/>\n\t<meta name=\"twitter:label2\" content=\"Tempo de lectura\" \/>\n\t<meta name=\"twitter:data2\" content=\"2 minutos\" \/>\n<script type=\"application\/ld+json\" class=\"yoast-schema-graph\">{\"@context\":\"https:\/\/schema.org\",\"@graph\":[{\"@type\":\"Article\",\"@id\":\"https:\/\/www.enerxetika.com\/gl\/diego-calvo-destaca-que-las-ferias-expomunicipal-y-enerxetica-convierten-estos-dias-a-galicia-en-referente-en-servicios-en-el-ambito-local-y-en-el-sector-de-la-energia\/#article\",\"isPartOf\":{\"@id\":\"https:\/\/www.enerxetika.com\/gl\/diego-calvo-destaca-que-las-ferias-expomunicipal-y-enerxetica-convierten-estos-dias-a-galicia-en-referente-en-servicios-en-el-ambito-local-y-en-el-sector-de-la-energia\/\"},\"author\":{\"name\":\"admin@SedExpo\",\"@id\":\"https:\/\/www.enerxetika.com\/gl\/#\/schema\/person\/1fc7315d6712a25472b2c1ce06566872\"},\"headline\":\"Diego Calvo destaca que as feiras ExpoMunicipal e Enerx\u00e9tica converten estes d\u00edas a Galicia en referente en servizos no \u00e1mbito local e no sector da enerx\u00eda\",\"datePublished\":\"2024-04-12T15:12:20+00:00\",\"dateModified\":\"2024-04-12T15:13:51+00:00\",\"mainEntityOfPage\":{\"@id\":\"https:\/\/www.enerxetika.com\/gl\/diego-calvo-destaca-que-las-ferias-expomunicipal-y-enerxetica-convierten-estos-dias-a-galicia-en-referente-en-servicios-en-el-ambito-local-y-en-el-sector-de-la-energia\/\"},\"wordCount\":273,\"publisher\":{\"@id\":\"https:\/\/www.enerxetika.com\/gl\/#organization\"},\"articleSection\":[\"Uncategorized @gl\"],\"inLanguage\":\"gl-ES\"},{\"@type\":\"WebPage\",\"@id\":\"https:\/\/www.enerxetika.com\/gl\/diego-calvo-destaca-que-las-ferias-expomunicipal-y-enerxetica-convierten-estos-dias-a-galicia-en-referente-en-servicios-en-el-ambito-local-y-en-el-sector-de-la-energia\/\",\"url\":\"https:\/\/www.enerxetika.com\/gl\/diego-calvo-destaca-que-las-ferias-expomunicipal-y-enerxetica-convierten-estos-dias-a-galicia-en-referente-en-servicios-en-el-ambito-local-y-en-el-sector-de-la-energia\/\",\"name\":\"Diego Calvo destaca que as feiras ExpoMunicipal e Enerx\u00e9tica converten estes d\u00edas a Galicia en referente en servizos no \u00e1mbito local e no sector da enerx\u00eda - ENERXETIKA\",\"isPartOf\":{\"@id\":\"https:\/\/www.enerxetika.com\/gl\/#website\"},\"datePublished\":\"2024-04-12T15:12:20+00:00\",\"dateModified\":\"2024-04-12T15:13:51+00:00\",\"breadcrumb\":{\"@id\":\"https:\/\/www.enerxetika.com\/gl\/diego-calvo-destaca-que-las-ferias-expomunicipal-y-enerxetica-convierten-estos-dias-a-galicia-en-referente-en-servicios-en-el-ambito-local-y-en-el-sector-de-la-energia\/#breadcrumb\"},\"inLanguage\":\"gl-ES\",\"potentialAction\":[{\"@type\":\"ReadAction\",\"target\":[\"https:\/\/www.enerxetika.com\/gl\/diego-calvo-destaca-que-las-ferias-expomunicipal-y-enerxetica-convierten-estos-dias-a-galicia-en-referente-en-servicios-en-el-ambito-local-y-en-el-sector-de-la-energia\/\"]}]},{\"@type\":\"BreadcrumbList\",\"@id\":\"https:\/\/www.enerxetika.com\/gl\/diego-calvo-destaca-que-las-ferias-expomunicipal-y-enerxetica-convierten-estos-dias-a-galicia-en-referente-en-servicios-en-el-ambito-local-y-en-el-sector-de-la-energia\/#breadcrumb\",\"itemListElement\":[{\"@type\":\"ListItem\",\"position\":1,\"name\":\"Portada\",\"item\":\"https:\/\/www.enerxetika.com\/gl\/\"},{\"@type\":\"ListItem\",\"position\":2,\"name\":\"Diego Calvo destaca que as feiras ExpoMunicipal e Enerx\u00e9tica converten estes d\u00edas a Galicia en referente en servizos no \u00e1mbito local e no sector da enerx\u00eda\"}]},{\"@type\":\"WebSite\",\"@id\":\"https:\/\/www.enerxetika.com\/gl\/#website\",\"url\":\"https:\/\/www.enerxetika.com\/gl\/\",\"name\":\"ENERXETIKA\",\"description\":\"Feria de la Energ\u00eda\",\"publisher\":{\"@id\":\"https:\/\/www.enerxetika.com\/gl\/#organization\"},\"potentialAction\":[{\"@type\":\"SearchAction\",\"target\":{\"@type\":\"EntryPoint\",\"urlTemplate\":\"https:\/\/www.enerxetika.com\/gl\/?s={search_term_string}\"},\"query-input\":\"required name=search_term_string\"}],\"inLanguage\":\"gl-ES\"},{\"@type\":\"Organization\",\"@id\":\"https:\/\/www.enerxetika.com\/gl\/#organization\",\"name\":\"ENERXETIKA\",\"url\":\"https:\/\/www.enerxetika.com\/gl\/\",\"logo\":{\"@type\":\"ImageObject\",\"inLanguage\":\"gl-ES\",\"@id\":\"https:\/\/www.enerxetika.com\/gl\/#\/schema\/logo\/image\/\",\"url\":\"\",\"contentUrl\":\"\",\"caption\":\"ENERXETIKA\"},\"image\":{\"@id\":\"https:\/\/www.enerxetika.com\/gl\/#\/schema\/logo\/image\/\"},\"sameAs\":[\"https:\/\/www.facebook.com\/enerxetika\",\"https:\/\/twitter.com\/enerxetika\",\"https:\/\/es.linkedin.com\/company\/feira-internacional-de-galicia---figa\"]},{\"@type\":\"Person\",\"@id\":\"https:\/\/www.enerxetika.com\/gl\/#\/schema\/person\/1fc7315d6712a25472b2c1ce06566872\",\"name\":\"admin@SedExpo\",\"image\":{\"@type\":\"ImageObject\",\"inLanguage\":\"gl-ES\",\"@id\":\"https:\/\/www.enerxetika.com\/gl\/#\/schema\/person\/image\/\",\"url\":\"https:\/\/secure.gravatar.com\/avatar\/2aee3a429c5c84b2486f82e4bb736b27e478d3632de0946f5aba7087273fe2cb?s=96&d=mm&r=g\",\"contentUrl\":\"https:\/\/secure.gravatar.com\/avatar\/2aee3a429c5c84b2486f82e4bb736b27e478d3632de0946f5aba7087273fe2cb?s=96&d=mm&r=g\",\"caption\":\"admin@SedExpo\"},\"url\":\"https:\/\/www.enerxetika.com\/gl\/author\/adminsedexpo\/\"}]}<\/script>\n<!-- \/ Yoast SEO plugin. -->","yoast_head_json":{"title":"Diego Calvo destaca que as feiras ExpoMunicipal e Enerx\u00e9tica converten estes d\u00edas a Galicia en referente en servizos no \u00e1mbito local e no sector da enerx\u00eda - ENERXETIKA","robots":{"index":"index","follow":"follow","max-snippet":"max-snippet:-1","max-image-preview":"max-image-preview:large","max-video-preview":"max-video-preview:-1"},"canonical":"https:\/\/www.enerxetika.com\/gl\/diego-calvo-destaca-que-las-ferias-expomunicipal-y-enerxetica-convierten-estos-dias-a-galicia-en-referente-en-servicios-en-el-ambito-local-y-en-el-sector-de-la-energia\/","og_locale":"gl_ES","og_type":"article","og_title":"Diego Calvo destaca que as feiras ExpoMunicipal e Enerx\u00e9tica converten estes d\u00edas a Galicia en referente en servizos no \u00e1mbito local e no sector da enerx\u00eda - ENERXETIKA","og_description":"O vicepresidente primeiro e conselleiro de Presidencia, Xustiza e Deportes en funci\u00f3ns visitou esta ma\u00f1\u00e1 os expositores de ambos eventos, que suman 520 firmas de 24 pa\u00edses e un ampla programaci\u00f3n paralela de actividades e demostraci\u00f3ns\u00a0 Silleda (Pontevedra), 12 de abril de 2024. &#8211;\u00a0O vicepresidente primeiro e conselleiro de Presidencia, Xustiza e Deportes en funci\u00f3ns, ... Ler m\u00e1is","og_url":"https:\/\/www.enerxetika.com\/gl\/diego-calvo-destaca-que-las-ferias-expomunicipal-y-enerxetica-convierten-estos-dias-a-galicia-en-referente-en-servicios-en-el-ambito-local-y-en-el-sector-de-la-energia\/","og_site_name":"ENERXETIKA","article_publisher":"https:\/\/www.facebook.com\/enerxetika","article_published_time":"2024-04-12T15:12:20+00:00","article_modified_time":"2024-04-12T15:13:51+00:00","og_image":[{"width":2560,"height":1441,"url":"https:\/\/www.enerxetika.com\/wp-content\/uploads\/2024\/04\/DSC06940-scaled.jpg","type":"image\/jpeg"}],"author":"admin@SedExpo","twitter_card":"summary_large_image","twitter_creator":"@enerxetika","twitter_site":"@enerxetika","twitter_misc":{"Escrito por":"admin@SedExpo","Tempo de lectura":"2 minutos"},"schema":{"@context":"https:\/\/schema.org","@graph":[{"@type":"Article","@id":"https:\/\/www.enerxetika.com\/gl\/diego-calvo-destaca-que-las-ferias-expomunicipal-y-enerxetica-convierten-estos-dias-a-galicia-en-referente-en-servicios-en-el-ambito-local-y-en-el-sector-de-la-energia\/#article","isPartOf":{"@id":"https:\/\/www.enerxetika.com\/gl\/diego-calvo-destaca-que-las-ferias-expomunicipal-y-enerxetica-convierten-estos-dias-a-galicia-en-referente-en-servicios-en-el-ambito-local-y-en-el-sector-de-la-energia\/"},"author":{"name":"admin@SedExpo","@id":"https:\/\/www.enerxetika.com\/gl\/#\/schema\/person\/1fc7315d6712a25472b2c1ce06566872"},"headline":"Diego Calvo destaca que as feiras ExpoMunicipal e Enerx\u00e9tica converten estes d\u00edas a Galicia en referente en servizos no \u00e1mbito local e no sector da enerx\u00eda","datePublished":"2024-04-12T15:12:20+00:00","dateModified":"2024-04-12T15:13:51+00:00","mainEntityOfPage":{"@id":"https:\/\/www.enerxetika.com\/gl\/diego-calvo-destaca-que-las-ferias-expomunicipal-y-enerxetica-convierten-estos-dias-a-galicia-en-referente-en-servicios-en-el-ambito-local-y-en-el-sector-de-la-energia\/"},"wordCount":273,"publisher":{"@id":"https:\/\/www.enerxetika.com\/gl\/#organization"},"articleSection":["Uncategorized @gl"],"inLanguage":"gl-ES"},{"@type":"WebPage","@id":"https:\/\/www.enerxetika.com\/gl\/diego-calvo-destaca-que-las-ferias-expomunicipal-y-enerxetica-convierten-estos-dias-a-galicia-en-referente-en-servicios-en-el-ambito-local-y-en-el-sector-de-la-energia\/","url":"https:\/\/www.enerxetika.com\/gl\/diego-calvo-destaca-que-las-ferias-expomunicipal-y-enerxetica-convierten-estos-dias-a-galicia-en-referente-en-servicios-en-el-ambito-local-y-en-el-sector-de-la-energia\/","name":"Diego Calvo destaca que as feiras ExpoMunicipal e Enerx\u00e9tica converten estes d\u00edas a Galicia en referente en servizos no \u00e1mbito local e no sector da enerx\u00eda - ENERXETIKA","isPartOf":{"@id":"https:\/\/www.enerxetika.com\/gl\/#website"},"datePublished":"2024-04-12T15:12:20+00:00","dateModified":"2024-04-12T15:13:51+00:00","breadcrumb":{"@id":"https:\/\/www.enerxetika.com\/gl\/diego-calvo-destaca-que-las-ferias-expomunicipal-y-enerxetica-convierten-estos-dias-a-galicia-en-referente-en-servicios-en-el-ambito-local-y-en-el-sector-de-la-energia\/#breadcrumb"},"inLanguage":"gl-ES","potentialAction":[{"@type":"ReadAction","target":["https:\/\/www.enerxetika.com\/gl\/diego-calvo-destaca-que-las-ferias-expomunicipal-y-enerxetica-convierten-estos-dias-a-galicia-en-referente-en-servicios-en-el-ambito-local-y-en-el-sector-de-la-energia\/"]}]},{"@type":"BreadcrumbList","@id":"https:\/\/www.enerxetika.com\/gl\/diego-calvo-destaca-que-las-ferias-expomunicipal-y-enerxetica-convierten-estos-dias-a-galicia-en-referente-en-servicios-en-el-ambito-local-y-en-el-sector-de-la-energia\/#breadcrumb","itemListElement":[{"@type":"ListItem","position":1,"name":"Portada","item":"https:\/\/www.enerxetika.com\/gl\/"},{"@type":"ListItem","position":2,"name":"Diego Calvo destaca que as feiras ExpoMunicipal e Enerx\u00e9tica converten estes d\u00edas a Galicia en referente en servizos no \u00e1mbito local e no sector da enerx\u00eda"}]},{"@type":"WebSite","@id":"https:\/\/www.enerxetika.com\/gl\/#website","url":"https:\/\/www.enerxetika.com\/gl\/","name":"ENERXETIKA","description":"Feria de la Energ\u00eda","publisher":{"@id":"https:\/\/www.enerxetika.com\/gl\/#organization"},"potentialAction":[{"@type":"SearchAction","target":{"@type":"EntryPoint","urlTemplate":"https:\/\/www.enerxetika.com\/gl\/?s={search_term_string}"},"query-input":"required name=search_term_string"}],"inLanguage":"gl-ES"},{"@type":"Organization","@id":"https:\/\/www.enerxetika.com\/gl\/#organization","name":"ENERXETIKA","url":"https:\/\/www.enerxetika.com\/gl\/","logo":{"@type":"ImageObject","inLanguage":"gl-ES","@id":"https:\/\/www.enerxetika.com\/gl\/#\/schema\/logo\/image\/","url":"","contentUrl":"","caption":"ENERXETIKA"},"image":{"@id":"https:\/\/www.enerxetika.com\/gl\/#\/schema\/logo\/image\/"},"sameAs":["https:\/\/www.facebook.com\/enerxetika","https:\/\/twitter.com\/enerxetika","https:\/\/es.linkedin.com\/company\/feira-internacional-de-galicia---figa"]},{"@type":"Person","@id":"https:\/\/www.enerxetika.com\/gl\/#\/schema\/person\/1fc7315d6712a25472b2c1ce06566872","name":"admin@SedExpo","image":{"@type":"ImageObject","inLanguage":"gl-ES","@id":"https:\/\/www.enerxetika.com\/gl\/#\/schema\/person\/image\/","url":"https:\/\/secure.gravatar.com\/avatar\/2aee3a429c5c84b2486f82e4bb736b27e478d3632de0946f5aba7087273fe2cb?s=96&d=mm&r=g","contentUrl":"https:\/\/secure.gravatar.com\/avatar\/2aee3a429c5c84b2486f82e4bb736b27e478d3632de0946f5aba7087273fe2cb?s=96&d=mm&r=g","caption":"admin@SedExpo"},"url":"https:\/\/www.enerxetika.com\/gl\/author\/adminsedexpo\/"}]}},"_links":{"self":[{"href":"https:\/\/www.enerxetika.com\/gl\/wp-json\/wp\/v2\/posts\/3968","targetHints":{"allow":["GET"]}}],"collection":[{"href":"https:\/\/www.enerxetika.com\/gl\/wp-json\/wp\/v2\/posts"}],"about":[{"href":"https:\/\/www.enerxetika.com\/gl\/wp-json\/wp\/v2\/types\/post"}],"author":[{"embeddable":true,"href":"https:\/\/www.enerxetika.com\/gl\/wp-json\/wp\/v2\/users\/1"}],"replies":[{"embeddable":true,"href":"https:\/\/www.enerxetika.com\/gl\/wp-json\/wp\/v2\/comments?post=3968"}],"version-history":[{"count":1,"href":"https:\/\/www.enerxetika.com\/gl\/wp-json\/wp\/v2\/posts\/3968\/revisions"}],"predecessor-version":[{"id":3969,"href":"https:\/\/www.enerxetika.com\/gl\/wp-json\/wp\/v2\/posts\/3968\/revisions\/3969"}],"wp:featuredmedia":[{"embeddable":true,"href":"https:\/\/www.enerxetika.com\/gl\/wp-json\/wp\/v2\/media\/3966"}],"wp:attachment":[{"href":"https:\/\/www.enerxetika.com\/gl\/wp-json\/wp\/v2\/media?parent=3968"}],"wp:term":[{"taxonomy":"category","embeddable":true,"href":"https:\/\/www.enerxetika.com\/gl\/wp-json\/wp\/v2\/categories?post=3968"},{"taxonomy":"post_tag","embeddable":true,"href":"https:\/\/www.enerxetika.com\/gl\/wp-json\/wp\/v2\/tags?post=3968"}],"curies":[{"name":"wp","href":"https:\/\/api.w.org\/{rel}","templated":true}]}}