{"id":3975,"date":"2024-04-12T15:18:30","date_gmt":"2024-04-12T15:18:30","guid":{"rendered":"https:\/\/www.enerxetika.com\/enerxetika-2024-abrio-hoy-su-programa-de-jornadas-analizando-el-almacenamiento-de-energia-y-transicion-energetica-en-galicia\/"},"modified":"2024-04-12T15:22:33","modified_gmt":"2024-04-12T15:22:33","slug":"enerxetika-2024-abrio-hoy-su-programa-de-jornadas-analizando-el-almacenamiento-de-energia-y-transicion-energetica-en-galicia","status":"publish","type":"post","link":"https:\/\/www.enerxetika.com\/gl\/enerxetika-2024-abrio-hoy-su-programa-de-jornadas-analizando-el-almacenamiento-de-energia-y-transicion-energetica-en-galicia\/","title":{"rendered":"Enerx\u00e9tika 2024 abriu hoxe o seu programa de xornadas analizando o almacenamento de enerx\u00eda e transici\u00f3n enerx\u00e9tica en Galicia"},"content":{"rendered":"<ul>\n<li><strong>O DIRECTOR XERAL DE PLANIFICACI\u00d3N ENERX\u00c9TICA E RECURSOS NATURAIS DA XUNTA DE GALICIA, PABLO FERN\u00c1NDEZ, FOI O ENCARGADO DE INAUGURAR O ENCONTRO, ORGANIZADO POLO INSTITUTO ENERX\u00c9TICO DE GALICIA (INEGA)<\/strong><\/li>\n<li><strong>PARTICIPOU UNHA DECENA DE EXPERTOS DE DISTINTOS \u00c1MBITOS RELACIONADOS \u00a0CO SECTOR<\/strong><\/li>\n<\/ul>\n<p><strong><em>Silleda, 12 de abril de 2024.-<\/em><\/strong> O certame Enerx\u00e9tika 2024, que se celebra desde onte e ata ma\u00f1\u00e1 no recinto Feira Internacional de Galicia ABANCA co apoio da Conseller\u00eda de Econom\u00eda, Industria e Innovaci\u00f3n da Xunta de Galicia, abriu hoxe o seu programa de conferencias coa xornada t\u00e9cnica \u201cAlmacenamento de enerx\u00eda e transici\u00f3n enerx\u00e9tica en Galicia\u201d.<\/p>\n<p>Organizada polo Instituto Enerx\u00e9tico de Galicia (INEGA), foi inaugurada polo director xeral de Planificaci\u00f3n Enerx\u00e9tica e Recursos Naturais da Xunta de Galicia, Pablo Fern\u00e1ndez, quen destacou a importancia de contar cunha feira do sector da enerx\u00eda en Galicia, que, considerou, nesta cuarta edici\u00f3n confirma o compromiso co certame tanto da Administraci\u00f3n como do tecido empresarial. As\u00ed mesmo, sinalou a relevancia da vinculaci\u00f3n da enerx\u00eda en proxectos industriais, aspecto que se abordou nalgunha das conferencias programas, por cuxo contido fixo un breve percorrido.<\/p>\n<p>Tras a inauguraci\u00f3n, na primeira das conferencias expux\u00e9ronse as alternativas de almacenamento enerx\u00e9tico e potencial de desenvolvemento, sendo o encargado de facelo Luis Miguel Varela, catedr\u00e1tico de F\u00edsica da Materia Condensada da Universidade de Santiago de Compostela (USC).<\/p>\n<p>Seguidamente desenvolveuse un bloque tem\u00e1tico sobre retos, mercados e infraestruturas. Nel David Alvira, xefe do departamento Centro de Control Enerx\u00e9tico en Redeia, falou de almacenamento enerx\u00e9tico e retos e necesidades para a operaci\u00f3n segura do sistema el\u00e9ctrico; Rafael G\u00f3mez-Elvira, director de Relaci\u00f3ns Institucionais e Marketing en OMIE, explicou a integraci\u00f3n do almacenamento enerx\u00e9tico no mercado el\u00e9ctrico europeo; e Alberto Su\u00e1rez, delegado do grupo Naturgy en Galicia e director da Zona Norte de UFD, centrouse nas redes de distribuci\u00f3n na integraci\u00f3n de sistemas de almacenamento enerx\u00e9tico.<\/p>\n<p>O seguinte bloque enfocouse en industria e tecnolox\u00eda, sendo tres os aspectos que se trataron. Por unha banda, debullou o desenvolvemento industrial e transici\u00f3n enerx\u00e9tica en Galicia Patricia Rodr\u00edguez, subdirectora xeral de Proxectos da Secretar\u00eda Xeral de Industria da Xunta de Galicia. Tam\u00e9n se abordaron os novos modelos de negocio asociados ao despregamento do almacenamento enerx\u00e9tico, por parte de Santiago Rodr\u00edguez, director da Divisi\u00f3n de Enerx\u00eda no Instituto Tecnol\u00f3xico de Galicia; e ademais as alternativas de obtenci\u00f3n e usos en sistemas de almacenamento de enerx\u00eda respecto ao hidr\u00f3xeno verde, de man de Joaqu\u00edn Grassi, t\u00e9cnico da Unidade de Tecnolox\u00edas da Enerx\u00eda en EnergyLab.<\/p>\n<p><strong>Li\u00f1as de apoio <\/strong><\/p>\n<p>Na \u00faltima das conferencias desta xornada organizada polo Instituto Enerx\u00e9tico de Galicia a s\u00faa xerente, Vanessa Cal, deu a co\u00f1ecer as li\u00f1as de apoio e incentivos da entidade. A continuaci\u00f3n, pechou este encontro o secretario xeral de Industria da Xunta de Galicia, Nicol\u00e1s V\u00e1zquez.<\/p>\n<h4 class=\"accssme-widget-titles\"><strong class=\"accssme-widget-text\">&gt;&gt;&gt;\u00a0<a class=\"accssme-widget-links accssme-widget-text\" href=\"https:\/\/photos.app.goo.gl\/4NFTWHrPPiibhUzSA\" target=\"_blank\" rel=\"noopener\">Fotograf\u00edas de Enerx\u00e9tika 2024<\/a><\/strong><\/h4>\n","protected":false},"excerpt":{"rendered":"<p>O DIRECTOR XERAL DE PLANIFICACI\u00d3N ENERX\u00c9TICA E RECURSOS NATURAIS DA XUNTA DE GALICIA, PABLO FERN\u00c1NDEZ, FOI O ENCARGADO DE INAUGURAR O ENCONTRO, ORGANIZADO POLO INSTITUTO ENERX\u00c9TICO DE GALICIA (INEGA) PARTICIPOU UNHA DECENA DE EXPERTOS DE DISTINTOS \u00c1MBITOS RELACIONADOS \u00a0CO SECTOR Silleda, 12 de abril de 2024.- O certame Enerx\u00e9tika 2024, que se celebra desde onte &#8230; <a title=\"Enerx\u00e9tika 2024 abriu hoxe o seu programa de xornadas analizando o almacenamento de enerx\u00eda e transici\u00f3n enerx\u00e9tica en Galicia\" class=\"read-more\" href=\"https:\/\/www.enerxetika.com\/gl\/enerxetika-2024-abrio-hoy-su-programa-de-jornadas-analizando-el-almacenamiento-de-energia-y-transicion-energetica-en-galicia\/\" aria-label=\"M\u00e1is en Enerx\u00e9tika 2024 abriu hoxe o seu programa de xornadas analizando o almacenamento de enerx\u00eda e transici\u00f3n enerx\u00e9tica en Galicia\">Ler m\u00e1is<\/a><\/p>\n","protected":false},"author":1,"featured_media":3973,"comment_status":"closed","ping_status":"closed","sticky":false,"template":"","format":"standard","meta":{"footnotes":""},"categories":[18],"tags":[],"class_list":["post-3975","post","type-post","status-publish","format-standard","has-post-thumbnail","hentry","category-uncategorized-gl"],"acf":[],"yoast_head":"<!-- This site is optimized with the Yoast SEO plugin v20.4 - https:\/\/yoast.com\/wordpress\/plugins\/seo\/ -->\n<title>Enerx\u00e9tika 2024 abriu hoxe o seu programa de xornadas analizando o almacenamento de enerx\u00eda e transici\u00f3n enerx\u00e9tica en Galicia - ENERXETIKA<\/title>\n<meta name=\"robots\" content=\"index, follow, max-snippet:-1, max-image-preview:large, max-video-preview:-1\" \/>\n<link rel=\"canonical\" href=\"https:\/\/www.enerxetika.com\/gl\/enerxetika-2024-abrio-hoy-su-programa-de-jornadas-analizando-el-almacenamiento-de-energia-y-transicion-energetica-en-galicia\/\" \/>\n<meta property=\"og:locale\" content=\"gl_ES\" \/>\n<meta property=\"og:type\" content=\"article\" \/>\n<meta property=\"og:title\" content=\"Enerx\u00e9tika 2024 abriu hoxe o seu programa de xornadas analizando o almacenamento de enerx\u00eda e transici\u00f3n enerx\u00e9tica en Galicia - ENERXETIKA\" \/>\n<meta property=\"og:description\" content=\"O DIRECTOR XERAL DE PLANIFICACI\u00d3N ENERX\u00c9TICA E RECURSOS NATURAIS DA XUNTA DE GALICIA, PABLO FERN\u00c1NDEZ, FOI O ENCARGADO DE INAUGURAR O ENCONTRO, ORGANIZADO POLO INSTITUTO ENERX\u00c9TICO DE GALICIA (INEGA) PARTICIPOU UNHA DECENA DE EXPERTOS DE DISTINTOS \u00c1MBITOS RELACIONADOS \u00a0CO SECTOR Silleda, 12 de abril de 2024.- O certame Enerx\u00e9tika 2024, que se celebra desde onte ... Ler m\u00e1is\" \/>\n<meta property=\"og:url\" content=\"https:\/\/www.enerxetika.com\/gl\/enerxetika-2024-abrio-hoy-su-programa-de-jornadas-analizando-el-almacenamiento-de-energia-y-transicion-energetica-en-galicia\/\" \/>\n<meta property=\"og:site_name\" content=\"ENERXETIKA\" \/>\n<meta property=\"article:publisher\" content=\"https:\/\/www.facebook.com\/enerxetika\" \/>\n<meta property=\"article:published_time\" content=\"2024-04-12T15:18:30+00:00\" \/>\n<meta property=\"article:modified_time\" content=\"2024-04-12T15:22:33+00:00\" \/>\n<meta property=\"og:image\" content=\"https:\/\/www.enerxetika.com\/wp-content\/uploads\/2024\/04\/O-director-xeral-de-Planificacion-Enerxetika-e-Recursos-Naturais-na-inauguracion-do-INEGA-1.jpg\" \/>\n\t<meta property=\"og:image:width\" content=\"1500\" \/>\n\t<meta property=\"og:image:height\" content=\"888\" \/>\n\t<meta property=\"og:image:type\" content=\"image\/jpeg\" \/>\n<meta name=\"author\" content=\"admin@SedExpo\" \/>\n<meta name=\"twitter:card\" content=\"summary_large_image\" \/>\n<meta name=\"twitter:creator\" content=\"@enerxetika\" \/>\n<meta name=\"twitter:site\" content=\"@enerxetika\" \/>\n<meta name=\"twitter:label1\" content=\"Escrito por\" \/>\n\t<meta name=\"twitter:data1\" content=\"admin@SedExpo\" \/>\n\t<meta name=\"twitter:label2\" content=\"Tempo de lectura\" \/>\n\t<meta name=\"twitter:data2\" content=\"3 minutos\" \/>\n<script type=\"application\/ld+json\" class=\"yoast-schema-graph\">{\"@context\":\"https:\/\/schema.org\",\"@graph\":[{\"@type\":\"Article\",\"@id\":\"https:\/\/www.enerxetika.com\/gl\/enerxetika-2024-abrio-hoy-su-programa-de-jornadas-analizando-el-almacenamiento-de-energia-y-transicion-energetica-en-galicia\/#article\",\"isPartOf\":{\"@id\":\"https:\/\/www.enerxetika.com\/gl\/enerxetika-2024-abrio-hoy-su-programa-de-jornadas-analizando-el-almacenamiento-de-energia-y-transicion-energetica-en-galicia\/\"},\"author\":{\"name\":\"admin@SedExpo\",\"@id\":\"https:\/\/www.enerxetika.com\/gl\/#\/schema\/person\/1fc7315d6712a25472b2c1ce06566872\"},\"headline\":\"Enerx\u00e9tika 2024 abriu hoxe o seu programa de xornadas analizando o almacenamento de enerx\u00eda e transici\u00f3n enerx\u00e9tica en Galicia\",\"datePublished\":\"2024-04-12T15:18:30+00:00\",\"dateModified\":\"2024-04-12T15:22:33+00:00\",\"mainEntityOfPage\":{\"@id\":\"https:\/\/www.enerxetika.com\/gl\/enerxetika-2024-abrio-hoy-su-programa-de-jornadas-analizando-el-almacenamiento-de-energia-y-transicion-energetica-en-galicia\/\"},\"wordCount\":545,\"publisher\":{\"@id\":\"https:\/\/www.enerxetika.com\/gl\/#organization\"},\"articleSection\":[\"Uncategorized @gl\"],\"inLanguage\":\"gl-ES\"},{\"@type\":\"WebPage\",\"@id\":\"https:\/\/www.enerxetika.com\/gl\/enerxetika-2024-abrio-hoy-su-programa-de-jornadas-analizando-el-almacenamiento-de-energia-y-transicion-energetica-en-galicia\/\",\"url\":\"https:\/\/www.enerxetika.com\/gl\/enerxetika-2024-abrio-hoy-su-programa-de-jornadas-analizando-el-almacenamiento-de-energia-y-transicion-energetica-en-galicia\/\",\"name\":\"Enerx\u00e9tika 2024 abriu hoxe o seu programa de xornadas analizando o almacenamento de enerx\u00eda e transici\u00f3n enerx\u00e9tica en Galicia - ENERXETIKA\",\"isPartOf\":{\"@id\":\"https:\/\/www.enerxetika.com\/gl\/#website\"},\"datePublished\":\"2024-04-12T15:18:30+00:00\",\"dateModified\":\"2024-04-12T15:22:33+00:00\",\"breadcrumb\":{\"@id\":\"https:\/\/www.enerxetika.com\/gl\/enerxetika-2024-abrio-hoy-su-programa-de-jornadas-analizando-el-almacenamiento-de-energia-y-transicion-energetica-en-galicia\/#breadcrumb\"},\"inLanguage\":\"gl-ES\",\"potentialAction\":[{\"@type\":\"ReadAction\",\"target\":[\"https:\/\/www.enerxetika.com\/gl\/enerxetika-2024-abrio-hoy-su-programa-de-jornadas-analizando-el-almacenamiento-de-energia-y-transicion-energetica-en-galicia\/\"]}]},{\"@type\":\"BreadcrumbList\",\"@id\":\"https:\/\/www.enerxetika.com\/gl\/enerxetika-2024-abrio-hoy-su-programa-de-jornadas-analizando-el-almacenamiento-de-energia-y-transicion-energetica-en-galicia\/#breadcrumb\",\"itemListElement\":[{\"@type\":\"ListItem\",\"position\":1,\"name\":\"Portada\",\"item\":\"https:\/\/www.enerxetika.com\/gl\/\"},{\"@type\":\"ListItem\",\"position\":2,\"name\":\"Enerx\u00e9tika 2024 abriu hoxe o seu programa de xornadas analizando o almacenamento de enerx\u00eda e transici\u00f3n enerx\u00e9tica en Galicia\"}]},{\"@type\":\"WebSite\",\"@id\":\"https:\/\/www.enerxetika.com\/gl\/#website\",\"url\":\"https:\/\/www.enerxetika.com\/gl\/\",\"name\":\"ENERXETIKA\",\"description\":\"Feria de la Energ\u00eda\",\"publisher\":{\"@id\":\"https:\/\/www.enerxetika.com\/gl\/#organization\"},\"potentialAction\":[{\"@type\":\"SearchAction\",\"target\":{\"@type\":\"EntryPoint\",\"urlTemplate\":\"https:\/\/www.enerxetika.com\/gl\/?s={search_term_string}\"},\"query-input\":\"required name=search_term_string\"}],\"inLanguage\":\"gl-ES\"},{\"@type\":\"Organization\",\"@id\":\"https:\/\/www.enerxetika.com\/gl\/#organization\",\"name\":\"ENERXETIKA\",\"url\":\"https:\/\/www.enerxetika.com\/gl\/\",\"logo\":{\"@type\":\"ImageObject\",\"inLanguage\":\"gl-ES\",\"@id\":\"https:\/\/www.enerxetika.com\/gl\/#\/schema\/logo\/image\/\",\"url\":\"\",\"contentUrl\":\"\",\"caption\":\"ENERXETIKA\"},\"image\":{\"@id\":\"https:\/\/www.enerxetika.com\/gl\/#\/schema\/logo\/image\/\"},\"sameAs\":[\"https:\/\/www.facebook.com\/enerxetika\",\"https:\/\/twitter.com\/enerxetika\",\"https:\/\/es.linkedin.com\/company\/feira-internacional-de-galicia---figa\"]},{\"@type\":\"Person\",\"@id\":\"https:\/\/www.enerxetika.com\/gl\/#\/schema\/person\/1fc7315d6712a25472b2c1ce06566872\",\"name\":\"admin@SedExpo\",\"image\":{\"@type\":\"ImageObject\",\"inLanguage\":\"gl-ES\",\"@id\":\"https:\/\/www.enerxetika.com\/gl\/#\/schema\/person\/image\/\",\"url\":\"https:\/\/secure.gravatar.com\/avatar\/2aee3a429c5c84b2486f82e4bb736b27e478d3632de0946f5aba7087273fe2cb?s=96&d=mm&r=g\",\"contentUrl\":\"https:\/\/secure.gravatar.com\/avatar\/2aee3a429c5c84b2486f82e4bb736b27e478d3632de0946f5aba7087273fe2cb?s=96&d=mm&r=g\",\"caption\":\"admin@SedExpo\"},\"url\":\"https:\/\/www.enerxetika.com\/gl\/author\/adminsedexpo\/\"}]}<\/script>\n<!-- \/ Yoast SEO plugin. -->","yoast_head_json":{"title":"Enerx\u00e9tika 2024 abriu hoxe o seu programa de xornadas analizando o almacenamento de enerx\u00eda e transici\u00f3n enerx\u00e9tica en Galicia - ENERXETIKA","robots":{"index":"index","follow":"follow","max-snippet":"max-snippet:-1","max-image-preview":"max-image-preview:large","max-video-preview":"max-video-preview:-1"},"canonical":"https:\/\/www.enerxetika.com\/gl\/enerxetika-2024-abrio-hoy-su-programa-de-jornadas-analizando-el-almacenamiento-de-energia-y-transicion-energetica-en-galicia\/","og_locale":"gl_ES","og_type":"article","og_title":"Enerx\u00e9tika 2024 abriu hoxe o seu programa de xornadas analizando o almacenamento de enerx\u00eda e transici\u00f3n enerx\u00e9tica en Galicia - ENERXETIKA","og_description":"O DIRECTOR XERAL DE PLANIFICACI\u00d3N ENERX\u00c9TICA E RECURSOS NATURAIS DA XUNTA DE GALICIA, PABLO FERN\u00c1NDEZ, FOI O ENCARGADO DE INAUGURAR O ENCONTRO, ORGANIZADO POLO INSTITUTO ENERX\u00c9TICO DE GALICIA (INEGA) PARTICIPOU UNHA DECENA DE EXPERTOS DE DISTINTOS \u00c1MBITOS RELACIONADOS \u00a0CO SECTOR Silleda, 12 de abril de 2024.- O certame Enerx\u00e9tika 2024, que se celebra desde onte ... Ler m\u00e1is","og_url":"https:\/\/www.enerxetika.com\/gl\/enerxetika-2024-abrio-hoy-su-programa-de-jornadas-analizando-el-almacenamiento-de-energia-y-transicion-energetica-en-galicia\/","og_site_name":"ENERXETIKA","article_publisher":"https:\/\/www.facebook.com\/enerxetika","article_published_time":"2024-04-12T15:18:30+00:00","article_modified_time":"2024-04-12T15:22:33+00:00","og_image":[{"width":1500,"height":888,"url":"https:\/\/www.enerxetika.com\/wp-content\/uploads\/2024\/04\/O-director-xeral-de-Planificacion-Enerxetika-e-Recursos-Naturais-na-inauguracion-do-INEGA-1.jpg","type":"image\/jpeg"}],"author":"admin@SedExpo","twitter_card":"summary_large_image","twitter_creator":"@enerxetika","twitter_site":"@enerxetika","twitter_misc":{"Escrito por":"admin@SedExpo","Tempo de lectura":"3 minutos"},"schema":{"@context":"https:\/\/schema.org","@graph":[{"@type":"Article","@id":"https:\/\/www.enerxetika.com\/gl\/enerxetika-2024-abrio-hoy-su-programa-de-jornadas-analizando-el-almacenamiento-de-energia-y-transicion-energetica-en-galicia\/#article","isPartOf":{"@id":"https:\/\/www.enerxetika.com\/gl\/enerxetika-2024-abrio-hoy-su-programa-de-jornadas-analizando-el-almacenamiento-de-energia-y-transicion-energetica-en-galicia\/"},"author":{"name":"admin@SedExpo","@id":"https:\/\/www.enerxetika.com\/gl\/#\/schema\/person\/1fc7315d6712a25472b2c1ce06566872"},"headline":"Enerx\u00e9tika 2024 abriu hoxe o seu programa de xornadas analizando o almacenamento de enerx\u00eda e transici\u00f3n enerx\u00e9tica en Galicia","datePublished":"2024-04-12T15:18:30+00:00","dateModified":"2024-04-12T15:22:33+00:00","mainEntityOfPage":{"@id":"https:\/\/www.enerxetika.com\/gl\/enerxetika-2024-abrio-hoy-su-programa-de-jornadas-analizando-el-almacenamiento-de-energia-y-transicion-energetica-en-galicia\/"},"wordCount":545,"publisher":{"@id":"https:\/\/www.enerxetika.com\/gl\/#organization"},"articleSection":["Uncategorized @gl"],"inLanguage":"gl-ES"},{"@type":"WebPage","@id":"https:\/\/www.enerxetika.com\/gl\/enerxetika-2024-abrio-hoy-su-programa-de-jornadas-analizando-el-almacenamiento-de-energia-y-transicion-energetica-en-galicia\/","url":"https:\/\/www.enerxetika.com\/gl\/enerxetika-2024-abrio-hoy-su-programa-de-jornadas-analizando-el-almacenamiento-de-energia-y-transicion-energetica-en-galicia\/","name":"Enerx\u00e9tika 2024 abriu hoxe o seu programa de xornadas analizando o almacenamento de enerx\u00eda e transici\u00f3n enerx\u00e9tica en Galicia - ENERXETIKA","isPartOf":{"@id":"https:\/\/www.enerxetika.com\/gl\/#website"},"datePublished":"2024-04-12T15:18:30+00:00","dateModified":"2024-04-12T15:22:33+00:00","breadcrumb":{"@id":"https:\/\/www.enerxetika.com\/gl\/enerxetika-2024-abrio-hoy-su-programa-de-jornadas-analizando-el-almacenamiento-de-energia-y-transicion-energetica-en-galicia\/#breadcrumb"},"inLanguage":"gl-ES","potentialAction":[{"@type":"ReadAction","target":["https:\/\/www.enerxetika.com\/gl\/enerxetika-2024-abrio-hoy-su-programa-de-jornadas-analizando-el-almacenamiento-de-energia-y-transicion-energetica-en-galicia\/"]}]},{"@type":"BreadcrumbList","@id":"https:\/\/www.enerxetika.com\/gl\/enerxetika-2024-abrio-hoy-su-programa-de-jornadas-analizando-el-almacenamiento-de-energia-y-transicion-energetica-en-galicia\/#breadcrumb","itemListElement":[{"@type":"ListItem","position":1,"name":"Portada","item":"https:\/\/www.enerxetika.com\/gl\/"},{"@type":"ListItem","position":2,"name":"Enerx\u00e9tika 2024 abriu hoxe o seu programa de xornadas analizando o almacenamento de enerx\u00eda e transici\u00f3n enerx\u00e9tica en Galicia"}]},{"@type":"WebSite","@id":"https:\/\/www.enerxetika.com\/gl\/#website","url":"https:\/\/www.enerxetika.com\/gl\/","name":"ENERXETIKA","description":"Feria de la Energ\u00eda","publisher":{"@id":"https:\/\/www.enerxetika.com\/gl\/#organization"},"potentialAction":[{"@type":"SearchAction","target":{"@type":"EntryPoint","urlTemplate":"https:\/\/www.enerxetika.com\/gl\/?s={search_term_string}"},"query-input":"required name=search_term_string"}],"inLanguage":"gl-ES"},{"@type":"Organization","@id":"https:\/\/www.enerxetika.com\/gl\/#organization","name":"ENERXETIKA","url":"https:\/\/www.enerxetika.com\/gl\/","logo":{"@type":"ImageObject","inLanguage":"gl-ES","@id":"https:\/\/www.enerxetika.com\/gl\/#\/schema\/logo\/image\/","url":"","contentUrl":"","caption":"ENERXETIKA"},"image":{"@id":"https:\/\/www.enerxetika.com\/gl\/#\/schema\/logo\/image\/"},"sameAs":["https:\/\/www.facebook.com\/enerxetika","https:\/\/twitter.com\/enerxetika","https:\/\/es.linkedin.com\/company\/feira-internacional-de-galicia---figa"]},{"@type":"Person","@id":"https:\/\/www.enerxetika.com\/gl\/#\/schema\/person\/1fc7315d6712a25472b2c1ce06566872","name":"admin@SedExpo","image":{"@type":"ImageObject","inLanguage":"gl-ES","@id":"https:\/\/www.enerxetika.com\/gl\/#\/schema\/person\/image\/","url":"https:\/\/secure.gravatar.com\/avatar\/2aee3a429c5c84b2486f82e4bb736b27e478d3632de0946f5aba7087273fe2cb?s=96&d=mm&r=g","contentUrl":"https:\/\/secure.gravatar.com\/avatar\/2aee3a429c5c84b2486f82e4bb736b27e478d3632de0946f5aba7087273fe2cb?s=96&d=mm&r=g","caption":"admin@SedExpo"},"url":"https:\/\/www.enerxetika.com\/gl\/author\/adminsedexpo\/"}]}},"_links":{"self":[{"href":"https:\/\/www.enerxetika.com\/gl\/wp-json\/wp\/v2\/posts\/3975","targetHints":{"allow":["GET"]}}],"collection":[{"href":"https:\/\/www.enerxetika.com\/gl\/wp-json\/wp\/v2\/posts"}],"about":[{"href":"https:\/\/www.enerxetika.com\/gl\/wp-json\/wp\/v2\/types\/post"}],"author":[{"embeddable":true,"href":"https:\/\/www.enerxetika.com\/gl\/wp-json\/wp\/v2\/users\/1"}],"replies":[{"embeddable":true,"href":"https:\/\/www.enerxetika.com\/gl\/wp-json\/wp\/v2\/comments?post=3975"}],"version-history":[{"count":2,"href":"https:\/\/www.enerxetika.com\/gl\/wp-json\/wp\/v2\/posts\/3975\/revisions"}],"predecessor-version":[{"id":3977,"href":"https:\/\/www.enerxetika.com\/gl\/wp-json\/wp\/v2\/posts\/3975\/revisions\/3977"}],"wp:featuredmedia":[{"embeddable":true,"href":"https:\/\/www.enerxetika.com\/gl\/wp-json\/wp\/v2\/media\/3973"}],"wp:attachment":[{"href":"https:\/\/www.enerxetika.com\/gl\/wp-json\/wp\/v2\/media?parent=3975"}],"wp:term":[{"taxonomy":"category","embeddable":true,"href":"https:\/\/www.enerxetika.com\/gl\/wp-json\/wp\/v2\/categories?post=3975"},{"taxonomy":"post_tag","embeddable":true,"href":"https:\/\/www.enerxetika.com\/gl\/wp-json\/wp\/v2\/tags?post=3975"}],"curies":[{"name":"wp","href":"https:\/\/api.w.org\/{rel}","templated":true}]}}