{"id":3995,"date":"2024-04-13T16:01:57","date_gmt":"2024-04-13T16:01:57","guid":{"rendered":"https:\/\/www.enerxetika.com\/enerxetika-y-expomunicipal-recibieron-a-mas-de-5-300-visitantes-en-una-doble-cita-ferial-que-unio-al-sector-energetico-y-municipal\/"},"modified":"2024-04-13T16:03:31","modified_gmt":"2024-04-13T16:03:31","slug":"enerxetika-y-expomunicipal-recibieron-a-mas-de-5-300-visitantes-en-una-doble-cita-ferial-que-unio-al-sector-energetico-y-municipal","status":"publish","type":"post","link":"https:\/\/www.enerxetika.com\/gl\/enerxetika-y-expomunicipal-recibieron-a-mas-de-5-300-visitantes-en-una-doble-cita-ferial-que-unio-al-sector-energetico-y-municipal\/","title":{"rendered":"Enerx\u00e9tika e ExpoMunicipal recibiron a m\u00e1is de 5.300 visitantes nunha dobre cita feiral que uniu ao sector enerx\u00e9tico e municipal"},"content":{"rendered":"<ul>\n<li><strong>AMBOS CERTAMES MOSTRARON NA FEIRA INTERNACIONAL DE GALICIA ABANCA AS PROPOSTAS DE 520 FIRMAS EXPOSITORAS DE 24 PA\u00cdSES, ADEMAIS DE DESENVOLVER SENDOS PROGRAMAS DE ACTIVIDADES<\/strong><\/li>\n<li><strong>OS PARTICIPANTES CONSIDERARON UN ACERTO CELEBRAR DE FORMA PARALELA D\u00daAS FEIRAS CENTRADAS EN SECTORES CLAVE E CAPACES DE CREAR SINERX\u00cdAS, O QUE AS DOTA DE GRAN POTENCIALIDADE E EXPECTATIVAS DE FUTURO<\/strong><\/li>\n<\/ul>\n<p><strong><em>Silleda, 13 de abril de 2024.- <\/em><\/strong>A Feira Internacional de Galicia ABANCA pechou hoxe as portas da cuarta edici\u00f3n da feira de enerx\u00eda Enerx\u00e9tika e primeira do sal\u00f3n de servizos municipais ExpoMunicipal. Unha dobre cita feiral que supuxo que o recinto recibise desde o xoves a m\u00e1is de 5.300 visitantes de Espa\u00f1a e Portugal.<\/p>\n<p>Estes asistentes puideron ver as \u00faltimas novidades presentadas por 520 firmas expositoras de 24 pa\u00edses dos sectores enerx\u00e9tico e municipal, as cales estiveron representadas por 181 expositores directos de Espa\u00f1a, Portugal, Andorra, Francia, Italia, M\u00e9xico, Israel e Rep\u00fablica Checa. Uns expositores entre os que se atopaban moitas das empresas m\u00e1is importantes dos seus respectivos sectores e que ocuparon os dous pavill\u00f3ns principais do recinto, sendo a superficie neta conxunta de 7.441 metros cadrados.<\/p>\n<p>Por outra banda, os seus programas acolleron case un centenar de conferencias nas que intervi\u00f1eron 120 expertos de distintos \u00e1mbitos, ademais de moitas outras propostas, como espazos de innovaci\u00f3n, demostraci\u00f3ns, talleres ou \u00e1reas divulgativas.<\/p>\n<p>Os participantes consideraron un acerto celebrar de formar paralela d\u00faas feiras centradas en sectores clave e capaces de crear sinerx\u00edas, o que as dotas de gran potencialidade e expectativas de futuro. Ademais, trasladaron \u00e1 organizaci\u00f3n a idoneidade de que ExpoMunicipal transcenda as fronteiras galegas e alcance dimensi\u00f3n nacional. Todo iso anima \u00e1 organizaci\u00f3n para comezar a traballar xa na vindeira edici\u00f3n, coa ilusi\u00f3n de ofrecer unha cita cada vez m\u00e1is efectiva para a interacci\u00f3n entre expositores e visitantes.<\/p>\n<p><strong>Enerx\u00e9tika 2024<\/strong><\/p>\n<p>A cuarta convocatoria da feira Enerx\u00e9tika, apoiada pola Xunta de Galicia a trav\u00e9s da Conseller\u00eda de Econom\u00eda, Industria e Innovaci\u00f3n, contou con 270 firmas de 17 pa\u00edses, das cales 110 foron expositores directos de Espa\u00f1a, Portugal, Francia, M\u00e9xico e Israel. Entre eles estiveron presentes empresas de enerx\u00edas convencionais e renovables e dos \u00e1mbitos da eficiencia enerx\u00e9tica, mobilidade sostible, material e equipos para instalaci\u00f3ns, electr\u00f3nica industrial ou servizos.<\/p>\n<p>Enerx\u00e9tika 2024, que contou co patrocino de Red El\u00e9ctrica, inclu\u00edu un atractivo programa onde as xornadas foron unha peza clave. Foron preto de 70 que se agruparon en 27 xornadas que profundaron en temas como almacenamento de enerx\u00eda e transici\u00f3n enerx\u00e9tica en Galicia, a biomasa como unha oportunidade estrat\u00e9xica para Galicia, pol\u00edtica enerx\u00e9tica en Portugal, o mercado el\u00e9ctrico chileno, hidr\u00f3xeno verde, rehabilitaci\u00f3n enerx\u00e9tica integral de edificios, mobilidade el\u00e9ctrica, instalaci\u00f3ns de autoconsumo ou xeotermia, entre moitos outros.<\/p>\n<p>Ademais, o programa volveu contar co SIE, o Sal\u00f3n de Innovaci\u00f3n Enerx\u00e9tica, espazo que se centra en po\u00f1er en valor proxectos innovadores no \u00e1mbito da sustentabilidade, a eficiencia e as enerx\u00edas renovables, e que nesta ocasi\u00f3n mostrou 11 proxectos. Sum\u00e1ronse destacados encontros sectoriais de entidades que apostaron pola feira para reunirse e levar a cabo diversos actos.<\/p>\n<p>Por outra banda, a feira acolleu unha gran \u00e1rea divulgativa centrada nos distintos tipos de enerx\u00eda e a eficiencia enerx\u00e9tica. Inclu\u00edu zonas tem\u00e1ticas con demostraci\u00f3ns, actividades, paneis informativos e espazos de proxecci\u00f3n tanto para aprender sobre enerx\u00eda en xeral como para co\u00f1ecer medidas de aforro e eficiencia aplicadas \u00e1 nosa vida coti\u00e1. Desenvolveu ademais un programa espec\u00edfico para escolares.<\/p>\n<p>Outra interesante proposta para p\u00fablico xeral foi a posibilidade de probar veh\u00edculos el\u00e9ctricos, h\u00edbridos e de hidroxeno de prestixiosas marcas.<\/p>\n<p><strong>ExpoMunicipal<\/strong><\/p>\n<p>A Feira de Servizos Municipais, cuxa organizaci\u00f3n estivo apoiada pola Vicepresidencia Primeira e Conseller\u00eda de Presidencia, Xustiza e Deportes da Xunta de Galicia, estreouse con 250 firmas expositoras de 18 pa\u00edses, dos cales 71 foron expositores directos de Espa\u00f1a, Portugal, Italia, Francia, Andorra e Rep\u00fablica Checa.<\/p>\n<p>Estas mostraron o \u00faltimo en equipamento e servizos municipais de man de empresas l\u00edderes centradas en mobiliario urbano, limpeza, ciclo da auga, xesti\u00f3n de residuos, medio ambiente, enerx\u00edas alternativas, obra p\u00fablica, sinalizaci\u00f3n, xardiner\u00eda e paisaxismo, mobilidade urbana, instalaci\u00f3ns deportivas e de lecer, iluminaci\u00f3n, xesti\u00f3n cultural, tecnolox\u00eda, concesionarias, alugueiro e venda de maquinaria, subministraci\u00f3ns ou consultor\u00eda. Unha oferta que permitiu que alcaldes e corporaci\u00f3ns municipais, t\u00e9cnicos, enxe\u00f1eiros ou consultores co\u00f1ecesen todo tipo de posibilidades.<\/p>\n<p>A feira, que contou co patrocinio de Ferrovial, foi as\u00ed un atractivo escaparate, pero tam\u00e9n un foro de reflexi\u00f3n. No seu marco desenvolveuse o congreso \u201cConcellos 2030\u201d, cuxos temas centrais foron o ciclo de auga, o aforro enerx\u00e9tico, a xesti\u00f3n dos residuos e a mobilidade urbana, piares b\u00e1sicos para conseguir concellos m\u00e1is sostibles. Rexistrou m\u00e1is de 340 asistentes que acudiron \u00e1s vinte conferencias e mesas redondas impartidas por unha trintena de relatores.<\/p>\n<p>Sum\u00e1ronse demostraci\u00f3ns de limpeza viaria de alta presi\u00f3n, aspiraci\u00f3n de follas, triturado de ramas, roza, desatasco con dispositivos de presi\u00f3n ou simulaci\u00f3n de limpeza de praias. Tam\u00e9n se puido ver o funcionamento de softwares de detecci\u00f3n de irregularidades catastrais mediante o uso de intelixencia artificial, ademais de realizarse outras actividades como presentaci\u00f3ns ou catas de auga.<\/p>\n<h4 class=\"accssme-widget-titles\"><strong class=\"accssme-widget-text\">&gt;&gt;&gt;\u00a0<a class=\"accssme-widget-links accssme-widget-text\" href=\"https:\/\/photos.app.goo.gl\/4NFTWHrPPiibhUzSA\" target=\"_blank\" rel=\"noopener\">Fotograf\u00edas de Enerx\u00e9tika 2024<\/a><\/strong><\/h4>\n","protected":false},"excerpt":{"rendered":"<p>AMBOS CERTAMES MOSTRARON NA FEIRA INTERNACIONAL DE GALICIA ABANCA AS PROPOSTAS DE 520 FIRMAS EXPOSITORAS DE 24 PA\u00cdSES, ADEMAIS DE DESENVOLVER SENDOS PROGRAMAS DE ACTIVIDADES OS PARTICIPANTES CONSIDERARON UN ACERTO CELEBRAR DE FORMA PARALELA D\u00daAS FEIRAS CENTRADAS EN SECTORES CLAVE E CAPACES DE CREAR SINERX\u00cdAS, O QUE AS DOTA DE GRAN POTENCIALIDADE E EXPECTATIVAS DE &#8230; <a title=\"Enerx\u00e9tika e ExpoMunicipal recibiron a m\u00e1is de 5.300 visitantes nunha dobre cita feiral que uniu ao sector enerx\u00e9tico e municipal\" class=\"read-more\" href=\"https:\/\/www.enerxetika.com\/gl\/enerxetika-y-expomunicipal-recibieron-a-mas-de-5-300-visitantes-en-una-doble-cita-ferial-que-unio-al-sector-energetico-y-municipal\/\" aria-label=\"M\u00e1is en Enerx\u00e9tika e ExpoMunicipal recibiron a m\u00e1is de 5.300 visitantes nunha dobre cita feiral que uniu ao sector enerx\u00e9tico e municipal\">Ler m\u00e1is<\/a><\/p>\n","protected":false},"author":1,"featured_media":3981,"comment_status":"closed","ping_status":"closed","sticky":false,"template":"","format":"standard","meta":{"footnotes":""},"categories":[18],"tags":[],"class_list":["post-3995","post","type-post","status-publish","format-standard","has-post-thumbnail","hentry","category-uncategorized-gl"],"acf":[],"yoast_head":"<!-- This site is optimized with the Yoast SEO plugin v20.4 - https:\/\/yoast.com\/wordpress\/plugins\/seo\/ -->\n<title>Enerx\u00e9tika e ExpoMunicipal recibiron a m\u00e1is de 5.300 visitantes nunha dobre cita feiral que uniu ao sector enerx\u00e9tico e municipal - ENERXETIKA<\/title>\n<meta name=\"robots\" content=\"index, follow, max-snippet:-1, max-image-preview:large, max-video-preview:-1\" \/>\n<link rel=\"canonical\" href=\"https:\/\/www.enerxetika.com\/gl\/enerxetika-y-expomunicipal-recibieron-a-mas-de-5-300-visitantes-en-una-doble-cita-ferial-que-unio-al-sector-energetico-y-municipal\/\" \/>\n<meta property=\"og:locale\" content=\"gl_ES\" \/>\n<meta property=\"og:type\" content=\"article\" \/>\n<meta property=\"og:title\" content=\"Enerx\u00e9tika e ExpoMunicipal recibiron a m\u00e1is de 5.300 visitantes nunha dobre cita feiral que uniu ao sector enerx\u00e9tico e municipal - ENERXETIKA\" \/>\n<meta property=\"og:description\" content=\"AMBOS CERTAMES MOSTRARON NA FEIRA INTERNACIONAL DE GALICIA ABANCA AS PROPOSTAS DE 520 FIRMAS EXPOSITORAS DE 24 PA\u00cdSES, ADEMAIS DE DESENVOLVER SENDOS PROGRAMAS DE ACTIVIDADES OS PARTICIPANTES CONSIDERARON UN ACERTO CELEBRAR DE FORMA PARALELA D\u00daAS FEIRAS CENTRADAS EN SECTORES CLAVE E CAPACES DE CREAR SINERX\u00cdAS, O QUE AS DOTA DE GRAN POTENCIALIDADE E EXPECTATIVAS DE ... Ler m\u00e1is\" \/>\n<meta property=\"og:url\" content=\"https:\/\/www.enerxetika.com\/gl\/enerxetika-y-expomunicipal-recibieron-a-mas-de-5-300-visitantes-en-una-doble-cita-ferial-que-unio-al-sector-energetico-y-municipal\/\" \/>\n<meta property=\"og:site_name\" content=\"ENERXETIKA\" \/>\n<meta property=\"article:publisher\" content=\"https:\/\/www.facebook.com\/enerxetika\" \/>\n<meta property=\"article:published_time\" content=\"2024-04-13T16:01:57+00:00\" \/>\n<meta property=\"article:modified_time\" content=\"2024-04-13T16:03:31+00:00\" \/>\n<meta property=\"og:image\" content=\"https:\/\/www.enerxetika.com\/wp-content\/uploads\/2024\/04\/Vista-Enerxetika-DSC07709-scaled.jpg\" \/>\n\t<meta property=\"og:image:width\" content=\"2560\" \/>\n\t<meta property=\"og:image:height\" content=\"1441\" \/>\n\t<meta property=\"og:image:type\" content=\"image\/jpeg\" \/>\n<meta name=\"author\" content=\"admin@SedExpo\" \/>\n<meta name=\"twitter:card\" content=\"summary_large_image\" \/>\n<meta name=\"twitter:creator\" content=\"@enerxetika\" \/>\n<meta name=\"twitter:site\" content=\"@enerxetika\" \/>\n<meta name=\"twitter:label1\" content=\"Escrito por\" \/>\n\t<meta name=\"twitter:data1\" content=\"admin@SedExpo\" \/>\n\t<meta name=\"twitter:label2\" content=\"Tempo de lectura\" \/>\n\t<meta name=\"twitter:data2\" content=\"4 minutos\" \/>\n<script type=\"application\/ld+json\" class=\"yoast-schema-graph\">{\"@context\":\"https:\/\/schema.org\",\"@graph\":[{\"@type\":\"Article\",\"@id\":\"https:\/\/www.enerxetika.com\/gl\/enerxetika-y-expomunicipal-recibieron-a-mas-de-5-300-visitantes-en-una-doble-cita-ferial-que-unio-al-sector-energetico-y-municipal\/#article\",\"isPartOf\":{\"@id\":\"https:\/\/www.enerxetika.com\/gl\/enerxetika-y-expomunicipal-recibieron-a-mas-de-5-300-visitantes-en-una-doble-cita-ferial-que-unio-al-sector-energetico-y-municipal\/\"},\"author\":{\"name\":\"admin@SedExpo\",\"@id\":\"https:\/\/www.enerxetika.com\/gl\/#\/schema\/person\/1fc7315d6712a25472b2c1ce06566872\"},\"headline\":\"Enerx\u00e9tika e ExpoMunicipal recibiron a m\u00e1is de 5.300 visitantes nunha dobre cita feiral que uniu ao sector enerx\u00e9tico e municipal\",\"datePublished\":\"2024-04-13T16:01:57+00:00\",\"dateModified\":\"2024-04-13T16:03:31+00:00\",\"mainEntityOfPage\":{\"@id\":\"https:\/\/www.enerxetika.com\/gl\/enerxetika-y-expomunicipal-recibieron-a-mas-de-5-300-visitantes-en-una-doble-cita-ferial-que-unio-al-sector-energetico-y-municipal\/\"},\"wordCount\":942,\"publisher\":{\"@id\":\"https:\/\/www.enerxetika.com\/gl\/#organization\"},\"articleSection\":[\"Uncategorized @gl\"],\"inLanguage\":\"gl-ES\"},{\"@type\":\"WebPage\",\"@id\":\"https:\/\/www.enerxetika.com\/gl\/enerxetika-y-expomunicipal-recibieron-a-mas-de-5-300-visitantes-en-una-doble-cita-ferial-que-unio-al-sector-energetico-y-municipal\/\",\"url\":\"https:\/\/www.enerxetika.com\/gl\/enerxetika-y-expomunicipal-recibieron-a-mas-de-5-300-visitantes-en-una-doble-cita-ferial-que-unio-al-sector-energetico-y-municipal\/\",\"name\":\"Enerx\u00e9tika e ExpoMunicipal recibiron a m\u00e1is de 5.300 visitantes nunha dobre cita feiral que uniu ao sector enerx\u00e9tico e municipal - ENERXETIKA\",\"isPartOf\":{\"@id\":\"https:\/\/www.enerxetika.com\/gl\/#website\"},\"datePublished\":\"2024-04-13T16:01:57+00:00\",\"dateModified\":\"2024-04-13T16:03:31+00:00\",\"breadcrumb\":{\"@id\":\"https:\/\/www.enerxetika.com\/gl\/enerxetika-y-expomunicipal-recibieron-a-mas-de-5-300-visitantes-en-una-doble-cita-ferial-que-unio-al-sector-energetico-y-municipal\/#breadcrumb\"},\"inLanguage\":\"gl-ES\",\"potentialAction\":[{\"@type\":\"ReadAction\",\"target\":[\"https:\/\/www.enerxetika.com\/gl\/enerxetika-y-expomunicipal-recibieron-a-mas-de-5-300-visitantes-en-una-doble-cita-ferial-que-unio-al-sector-energetico-y-municipal\/\"]}]},{\"@type\":\"BreadcrumbList\",\"@id\":\"https:\/\/www.enerxetika.com\/gl\/enerxetika-y-expomunicipal-recibieron-a-mas-de-5-300-visitantes-en-una-doble-cita-ferial-que-unio-al-sector-energetico-y-municipal\/#breadcrumb\",\"itemListElement\":[{\"@type\":\"ListItem\",\"position\":1,\"name\":\"Portada\",\"item\":\"https:\/\/www.enerxetika.com\/gl\/\"},{\"@type\":\"ListItem\",\"position\":2,\"name\":\"Enerx\u00e9tika e ExpoMunicipal recibiron a m\u00e1is de 5.300 visitantes nunha dobre cita feiral que uniu ao sector enerx\u00e9tico e municipal\"}]},{\"@type\":\"WebSite\",\"@id\":\"https:\/\/www.enerxetika.com\/gl\/#website\",\"url\":\"https:\/\/www.enerxetika.com\/gl\/\",\"name\":\"ENERXETIKA\",\"description\":\"Feria de la Energ\u00eda\",\"publisher\":{\"@id\":\"https:\/\/www.enerxetika.com\/gl\/#organization\"},\"potentialAction\":[{\"@type\":\"SearchAction\",\"target\":{\"@type\":\"EntryPoint\",\"urlTemplate\":\"https:\/\/www.enerxetika.com\/gl\/?s={search_term_string}\"},\"query-input\":\"required name=search_term_string\"}],\"inLanguage\":\"gl-ES\"},{\"@type\":\"Organization\",\"@id\":\"https:\/\/www.enerxetika.com\/gl\/#organization\",\"name\":\"ENERXETIKA\",\"url\":\"https:\/\/www.enerxetika.com\/gl\/\",\"logo\":{\"@type\":\"ImageObject\",\"inLanguage\":\"gl-ES\",\"@id\":\"https:\/\/www.enerxetika.com\/gl\/#\/schema\/logo\/image\/\",\"url\":\"\",\"contentUrl\":\"\",\"caption\":\"ENERXETIKA\"},\"image\":{\"@id\":\"https:\/\/www.enerxetika.com\/gl\/#\/schema\/logo\/image\/\"},\"sameAs\":[\"https:\/\/www.facebook.com\/enerxetika\",\"https:\/\/twitter.com\/enerxetika\",\"https:\/\/es.linkedin.com\/company\/feira-internacional-de-galicia---figa\"]},{\"@type\":\"Person\",\"@id\":\"https:\/\/www.enerxetika.com\/gl\/#\/schema\/person\/1fc7315d6712a25472b2c1ce06566872\",\"name\":\"admin@SedExpo\",\"image\":{\"@type\":\"ImageObject\",\"inLanguage\":\"gl-ES\",\"@id\":\"https:\/\/www.enerxetika.com\/gl\/#\/schema\/person\/image\/\",\"url\":\"https:\/\/secure.gravatar.com\/avatar\/2aee3a429c5c84b2486f82e4bb736b27e478d3632de0946f5aba7087273fe2cb?s=96&d=mm&r=g\",\"contentUrl\":\"https:\/\/secure.gravatar.com\/avatar\/2aee3a429c5c84b2486f82e4bb736b27e478d3632de0946f5aba7087273fe2cb?s=96&d=mm&r=g\",\"caption\":\"admin@SedExpo\"},\"url\":\"https:\/\/www.enerxetika.com\/gl\/author\/adminsedexpo\/\"}]}<\/script>\n<!-- \/ Yoast SEO plugin. -->","yoast_head_json":{"title":"Enerx\u00e9tika e ExpoMunicipal recibiron a m\u00e1is de 5.300 visitantes nunha dobre cita feiral que uniu ao sector enerx\u00e9tico e municipal - ENERXETIKA","robots":{"index":"index","follow":"follow","max-snippet":"max-snippet:-1","max-image-preview":"max-image-preview:large","max-video-preview":"max-video-preview:-1"},"canonical":"https:\/\/www.enerxetika.com\/gl\/enerxetika-y-expomunicipal-recibieron-a-mas-de-5-300-visitantes-en-una-doble-cita-ferial-que-unio-al-sector-energetico-y-municipal\/","og_locale":"gl_ES","og_type":"article","og_title":"Enerx\u00e9tika e ExpoMunicipal recibiron a m\u00e1is de 5.300 visitantes nunha dobre cita feiral que uniu ao sector enerx\u00e9tico e municipal - ENERXETIKA","og_description":"AMBOS CERTAMES MOSTRARON NA FEIRA INTERNACIONAL DE GALICIA ABANCA AS PROPOSTAS DE 520 FIRMAS EXPOSITORAS DE 24 PA\u00cdSES, ADEMAIS DE DESENVOLVER SENDOS PROGRAMAS DE ACTIVIDADES OS PARTICIPANTES CONSIDERARON UN ACERTO CELEBRAR DE FORMA PARALELA D\u00daAS FEIRAS CENTRADAS EN SECTORES CLAVE E CAPACES DE CREAR SINERX\u00cdAS, O QUE AS DOTA DE GRAN POTENCIALIDADE E EXPECTATIVAS DE ... Ler m\u00e1is","og_url":"https:\/\/www.enerxetika.com\/gl\/enerxetika-y-expomunicipal-recibieron-a-mas-de-5-300-visitantes-en-una-doble-cita-ferial-que-unio-al-sector-energetico-y-municipal\/","og_site_name":"ENERXETIKA","article_publisher":"https:\/\/www.facebook.com\/enerxetika","article_published_time":"2024-04-13T16:01:57+00:00","article_modified_time":"2024-04-13T16:03:31+00:00","og_image":[{"width":2560,"height":1441,"url":"https:\/\/www.enerxetika.com\/wp-content\/uploads\/2024\/04\/Vista-Enerxetika-DSC07709-scaled.jpg","type":"image\/jpeg"}],"author":"admin@SedExpo","twitter_card":"summary_large_image","twitter_creator":"@enerxetika","twitter_site":"@enerxetika","twitter_misc":{"Escrito por":"admin@SedExpo","Tempo de lectura":"4 minutos"},"schema":{"@context":"https:\/\/schema.org","@graph":[{"@type":"Article","@id":"https:\/\/www.enerxetika.com\/gl\/enerxetika-y-expomunicipal-recibieron-a-mas-de-5-300-visitantes-en-una-doble-cita-ferial-que-unio-al-sector-energetico-y-municipal\/#article","isPartOf":{"@id":"https:\/\/www.enerxetika.com\/gl\/enerxetika-y-expomunicipal-recibieron-a-mas-de-5-300-visitantes-en-una-doble-cita-ferial-que-unio-al-sector-energetico-y-municipal\/"},"author":{"name":"admin@SedExpo","@id":"https:\/\/www.enerxetika.com\/gl\/#\/schema\/person\/1fc7315d6712a25472b2c1ce06566872"},"headline":"Enerx\u00e9tika e ExpoMunicipal recibiron a m\u00e1is de 5.300 visitantes nunha dobre cita feiral que uniu ao sector enerx\u00e9tico e municipal","datePublished":"2024-04-13T16:01:57+00:00","dateModified":"2024-04-13T16:03:31+00:00","mainEntityOfPage":{"@id":"https:\/\/www.enerxetika.com\/gl\/enerxetika-y-expomunicipal-recibieron-a-mas-de-5-300-visitantes-en-una-doble-cita-ferial-que-unio-al-sector-energetico-y-municipal\/"},"wordCount":942,"publisher":{"@id":"https:\/\/www.enerxetika.com\/gl\/#organization"},"articleSection":["Uncategorized @gl"],"inLanguage":"gl-ES"},{"@type":"WebPage","@id":"https:\/\/www.enerxetika.com\/gl\/enerxetika-y-expomunicipal-recibieron-a-mas-de-5-300-visitantes-en-una-doble-cita-ferial-que-unio-al-sector-energetico-y-municipal\/","url":"https:\/\/www.enerxetika.com\/gl\/enerxetika-y-expomunicipal-recibieron-a-mas-de-5-300-visitantes-en-una-doble-cita-ferial-que-unio-al-sector-energetico-y-municipal\/","name":"Enerx\u00e9tika e ExpoMunicipal recibiron a m\u00e1is de 5.300 visitantes nunha dobre cita feiral que uniu ao sector enerx\u00e9tico e municipal - ENERXETIKA","isPartOf":{"@id":"https:\/\/www.enerxetika.com\/gl\/#website"},"datePublished":"2024-04-13T16:01:57+00:00","dateModified":"2024-04-13T16:03:31+00:00","breadcrumb":{"@id":"https:\/\/www.enerxetika.com\/gl\/enerxetika-y-expomunicipal-recibieron-a-mas-de-5-300-visitantes-en-una-doble-cita-ferial-que-unio-al-sector-energetico-y-municipal\/#breadcrumb"},"inLanguage":"gl-ES","potentialAction":[{"@type":"ReadAction","target":["https:\/\/www.enerxetika.com\/gl\/enerxetika-y-expomunicipal-recibieron-a-mas-de-5-300-visitantes-en-una-doble-cita-ferial-que-unio-al-sector-energetico-y-municipal\/"]}]},{"@type":"BreadcrumbList","@id":"https:\/\/www.enerxetika.com\/gl\/enerxetika-y-expomunicipal-recibieron-a-mas-de-5-300-visitantes-en-una-doble-cita-ferial-que-unio-al-sector-energetico-y-municipal\/#breadcrumb","itemListElement":[{"@type":"ListItem","position":1,"name":"Portada","item":"https:\/\/www.enerxetika.com\/gl\/"},{"@type":"ListItem","position":2,"name":"Enerx\u00e9tika e ExpoMunicipal recibiron a m\u00e1is de 5.300 visitantes nunha dobre cita feiral que uniu ao sector enerx\u00e9tico e municipal"}]},{"@type":"WebSite","@id":"https:\/\/www.enerxetika.com\/gl\/#website","url":"https:\/\/www.enerxetika.com\/gl\/","name":"ENERXETIKA","description":"Feria de la Energ\u00eda","publisher":{"@id":"https:\/\/www.enerxetika.com\/gl\/#organization"},"potentialAction":[{"@type":"SearchAction","target":{"@type":"EntryPoint","urlTemplate":"https:\/\/www.enerxetika.com\/gl\/?s={search_term_string}"},"query-input":"required name=search_term_string"}],"inLanguage":"gl-ES"},{"@type":"Organization","@id":"https:\/\/www.enerxetika.com\/gl\/#organization","name":"ENERXETIKA","url":"https:\/\/www.enerxetika.com\/gl\/","logo":{"@type":"ImageObject","inLanguage":"gl-ES","@id":"https:\/\/www.enerxetika.com\/gl\/#\/schema\/logo\/image\/","url":"","contentUrl":"","caption":"ENERXETIKA"},"image":{"@id":"https:\/\/www.enerxetika.com\/gl\/#\/schema\/logo\/image\/"},"sameAs":["https:\/\/www.facebook.com\/enerxetika","https:\/\/twitter.com\/enerxetika","https:\/\/es.linkedin.com\/company\/feira-internacional-de-galicia---figa"]},{"@type":"Person","@id":"https:\/\/www.enerxetika.com\/gl\/#\/schema\/person\/1fc7315d6712a25472b2c1ce06566872","name":"admin@SedExpo","image":{"@type":"ImageObject","inLanguage":"gl-ES","@id":"https:\/\/www.enerxetika.com\/gl\/#\/schema\/person\/image\/","url":"https:\/\/secure.gravatar.com\/avatar\/2aee3a429c5c84b2486f82e4bb736b27e478d3632de0946f5aba7087273fe2cb?s=96&d=mm&r=g","contentUrl":"https:\/\/secure.gravatar.com\/avatar\/2aee3a429c5c84b2486f82e4bb736b27e478d3632de0946f5aba7087273fe2cb?s=96&d=mm&r=g","caption":"admin@SedExpo"},"url":"https:\/\/www.enerxetika.com\/gl\/author\/adminsedexpo\/"}]}},"_links":{"self":[{"href":"https:\/\/www.enerxetika.com\/gl\/wp-json\/wp\/v2\/posts\/3995","targetHints":{"allow":["GET"]}}],"collection":[{"href":"https:\/\/www.enerxetika.com\/gl\/wp-json\/wp\/v2\/posts"}],"about":[{"href":"https:\/\/www.enerxetika.com\/gl\/wp-json\/wp\/v2\/types\/post"}],"author":[{"embeddable":true,"href":"https:\/\/www.enerxetika.com\/gl\/wp-json\/wp\/v2\/users\/1"}],"replies":[{"embeddable":true,"href":"https:\/\/www.enerxetika.com\/gl\/wp-json\/wp\/v2\/comments?post=3995"}],"version-history":[{"count":1,"href":"https:\/\/www.enerxetika.com\/gl\/wp-json\/wp\/v2\/posts\/3995\/revisions"}],"predecessor-version":[{"id":3996,"href":"https:\/\/www.enerxetika.com\/gl\/wp-json\/wp\/v2\/posts\/3995\/revisions\/3996"}],"wp:featuredmedia":[{"embeddable":true,"href":"https:\/\/www.enerxetika.com\/gl\/wp-json\/wp\/v2\/media\/3981"}],"wp:attachment":[{"href":"https:\/\/www.enerxetika.com\/gl\/wp-json\/wp\/v2\/media?parent=3995"}],"wp:term":[{"taxonomy":"category","embeddable":true,"href":"https:\/\/www.enerxetika.com\/gl\/wp-json\/wp\/v2\/categories?post=3995"},{"taxonomy":"post_tag","embeddable":true,"href":"https:\/\/www.enerxetika.com\/gl\/wp-json\/wp\/v2\/tags?post=3995"}],"curies":[{"name":"wp","href":"https:\/\/api.w.org\/{rel}","templated":true}]}}