{"id":4418,"date":"2026-03-11T13:11:17","date_gmt":"2026-03-11T13:11:17","guid":{"rendered":"https:\/\/www.enerxetika.com\/la-educacion-energetica-de-ninos-y-jovenes-muy-presente-en-enerxetika-2026-a-traves-de-varios-proyectos-y-programas\/"},"modified":"2026-03-11T13:13:59","modified_gmt":"2026-03-11T13:13:59","slug":"la-educacion-energetica-de-ninos-y-jovenes-muy-presente-en-enerxetika-2026-a-traves-de-varios-proyectos-y-programas","status":"publish","type":"post","link":"https:\/\/www.enerxetika.com\/gl\/la-educacion-energetica-de-ninos-y-jovenes-muy-presente-en-enerxetika-2026-a-traves-de-varios-proyectos-y-programas\/","title":{"rendered":"A educaci\u00f3n enerx\u00e9tica de nenos e mozos, moi presente en Enerx\u00e9tika 2026 a trav\u00e9s de varios proxectos e programas"},"content":{"rendered":"<ul>\n<li><strong>ADEMAIS DE PROPOSTAS EXPOSITIVAS E ACTIVIDADES DESTINADAS A PROFESIONAIS DO SECTOR, ESTE EVENTO TAM\u00c9N CONTAR\u00c1 CON ESPAZOS E OBRADOIROS ORIENTADOS A ALUMNOS DE DIVERSAS IDADES<\/strong><\/li>\n<li><strong>ESTAR\u00c1N OPERATIVOS TODOS OS D\u00cdAS DA FEIRA, A CAL SE CELEBRAR\u00c1 DO 25 AIO 27 DE MARZO NO RECINTO FEIRA INTERNACIONAL DE GALICIA ABANCA<\/strong><\/li>\n<\/ul>\n<p><strong><em>Silleda, 11 de marzo de 2026.- <\/em><\/strong>A feira Enerx\u00e9tika 2026, a cal se celebrar\u00e1 na Feira Internacional de Galicia ABANCA do 25 ao 27 de marzo de forma paralela ao sal\u00f3n de servizos municipais ExpoMunicipal, ser\u00e1 un efectivo foro para empresas e profesionais do sector da enerx\u00eda, pero tam\u00e9n un espazo divulgativo no que estar\u00e1 moi presente a educaci\u00f3n enerx\u00e9tica do consumidor e dos m\u00e1is novos.<\/p>\n<p>As\u00ed, tendo en conta a importancia de fomentar a conciencia ambiental, promover h\u00e1bitos responsables e preparar a futuros cidad\u00e1ns e profesionais, o seu programa contempla propostas dirixidas a alumnado de distintas idades.<\/p>\n<p>Por unha banda, incluir\u00e1 unha gran \u00e1rea divulgativa promovida por Sotavento co apoio do Instituto Enerx\u00e9tico de Galicia (Inega), a cal estar\u00e1 dispo\u00f1ible durante os tres d\u00edas do certame. Contar\u00e1 cun equipo multidisciplinar composto por enxe\u00f1eiros, educadores e un economista, os cales poder\u00e1n descubrir e resolver as cuesti\u00f3ns m\u00e1is diversas relacionadas coa enerx\u00eda que lles trasladen tanto os escolares como os consumidores que acudan \u00e1 feira.<\/p>\n<p>Incluir\u00e1 distintas zonas tem\u00e1ticas con demostraci\u00f3ns pr\u00e1cticas, actividades, paneis informativos e espazos de proxecci\u00f3n audiovisual tanto para aprender sobre o \u00e1mbito enerx\u00e9tico en xeral como para co\u00f1ecer medidas de aforro e eficiencia aplicadas \u00e1 nosa vida coti\u00e1. As\u00ed, mostrar\u00e1 as diferentes formas de obter enerx\u00eda, analizar\u00e1 a diferenza entre fontes de enerx\u00eda renovables e non renovables, expo\u00f1er\u00e1 as aplicaci\u00f3ns das fontes renovables, explicar\u00e1 o noso balance enerx\u00e9tico nacional e convidar\u00e1 a reflexionar sobre o impacto da enerx\u00eda no medio e sobre a necesidade dun consumo enerx\u00e9tico eficiente e responsable. Ademais, sumaranse talleres con propostas que achegar\u00e1n a enerx\u00eda solar t\u00e9rmica, fotovoltaica e e\u00f3lica de forma pr\u00e1ctica e experimenta, con creaci\u00f3n de circu\u00edtos, quecemento de obxectos e construci\u00f3n de mini turbinas.<\/p>\n<p>O Parque E\u00f3lico Experimental Sotavento, situado na \u201cSerra d\u00e1 Loba\u201d, entre os concellos de Xermade (Lugo) e Monfero (A Coru\u00f1a), xurdiu hai 25 anos como un proxecto novo no campo das enerx\u00edas renovables. Xestionado pola Fundaci\u00f3n Sotavento Galicia, converteuse nun referente na investigaci\u00f3n e divulgaci\u00f3n das enerx\u00edas renovables, do aforro enerx\u00e9tico e da s\u00faa interrelaci\u00f3n co medio ambiente. Un proxecto que \u00e9 avalado polas m\u00e1is de 320.000 persoas que te\u00f1en visitaron, as\u00ed como pola posta en marcha de pioneiros proxectos de investigaci\u00f3n e demostraci\u00f3n.<\/p>\n<p><strong>\u201cEnerx\u00eda con ra\u00edces, xuntos damos enerx\u00eda ao futuro\u201d<\/strong><\/p>\n<p>Tam\u00e9n durante a feira desenvolverase o programa educativo \u201cEnerx\u00eda con ra\u00edces, xuntos damos enerx\u00eda ao futuro\u201d. Organizado pola Fundaci\u00f3n Naturgy e dirixido a escolares de educaci\u00f3n secundaria e bacharelato, a s\u00faa finalidade \u00e9 que o alumnado comprenda o funcionamento integral do sistema enerx\u00e9tico e o papel que desempe\u00f1a Galicia dentro do mesmo, achegando unha visi\u00f3n rigorosa, actualizada e ali\u00f1ada cos retos da transici\u00f3n enerx\u00e9tica.<\/p>\n<p>Os seus contidos principais versar\u00e1n sobre a cadea de valor da enerx\u00eda, desde a xeraci\u00f3n ata o transporte, distribuci\u00f3n e comercializaci\u00f3n, e tam\u00e9n sobre o papel das enerx\u00edas renovables en Galicia, as infraestruturas estrat\u00e9xicas e seguridade na subministraci\u00f3n, o impacto econ\u00f3mico e social do sector e o consumo responsable e eficiencia enerx\u00e9tica.<\/p>\n<p>Ademais, levar\u00e1n a cabo talleres participativos baixo o t\u00edtulo \u201cO trilema enerx\u00e9tico en acci\u00f3n\u201d, os cales analizar\u00e1n o equilibrio entre sustentabilidade, seguridade de subministraci\u00f3n e custo enerx\u00e9tico.<\/p>\n","protected":false},"excerpt":{"rendered":"<p>ADEMAIS DE PROPOSTAS EXPOSITIVAS E ACTIVIDADES DESTINADAS A PROFESIONAIS DO SECTOR, ESTE EVENTO TAM\u00c9N CONTAR\u00c1 CON ESPAZOS E OBRADOIROS ORIENTADOS A ALUMNOS DE DIVERSAS IDADES ESTAR\u00c1N OPERATIVOS TODOS OS D\u00cdAS DA FEIRA, A CAL SE CELEBRAR\u00c1 DO 25 AIO 27 DE MARZO NO RECINTO FEIRA INTERNACIONAL DE GALICIA ABANCA Silleda, 11 de marzo de 2026.- &#8230; <a title=\"A educaci\u00f3n enerx\u00e9tica de nenos e mozos, moi presente en Enerx\u00e9tika 2026 a trav\u00e9s de varios proxectos e programas\" class=\"read-more\" href=\"https:\/\/www.enerxetika.com\/gl\/la-educacion-energetica-de-ninos-y-jovenes-muy-presente-en-enerxetika-2026-a-traves-de-varios-proyectos-y-programas\/\" aria-label=\"M\u00e1is en A educaci\u00f3n enerx\u00e9tica de nenos e mozos, moi presente en Enerx\u00e9tika 2026 a trav\u00e9s de varios proxectos e programas\">Ler m\u00e1is<\/a><\/p>\n","protected":false},"author":1,"featured_media":4416,"comment_status":"closed","ping_status":"closed","sticky":false,"template":"","format":"standard","meta":{"footnotes":""},"categories":[18],"tags":[],"class_list":["post-4418","post","type-post","status-publish","format-standard","has-post-thumbnail","hentry","category-uncategorized-gl"],"acf":[],"yoast_head":"<!-- This site is optimized with the Yoast SEO plugin v20.4 - https:\/\/yoast.com\/wordpress\/plugins\/seo\/ -->\n<title>A educaci\u00f3n enerx\u00e9tica de nenos e mozos, moi presente en Enerx\u00e9tika 2026 a trav\u00e9s de varios proxectos e programas - ENERXETIKA<\/title>\n<meta name=\"robots\" content=\"index, follow, max-snippet:-1, max-image-preview:large, max-video-preview:-1\" \/>\n<link rel=\"canonical\" href=\"https:\/\/www.enerxetika.com\/gl\/la-educacion-energetica-de-ninos-y-jovenes-muy-presente-en-enerxetika-2026-a-traves-de-varios-proyectos-y-programas\/\" \/>\n<meta property=\"og:locale\" content=\"gl_ES\" \/>\n<meta property=\"og:type\" content=\"article\" \/>\n<meta property=\"og:title\" content=\"A educaci\u00f3n enerx\u00e9tica de nenos e mozos, moi presente en Enerx\u00e9tika 2026 a trav\u00e9s de varios proxectos e programas - ENERXETIKA\" \/>\n<meta property=\"og:description\" content=\"ADEMAIS DE PROPOSTAS EXPOSITIVAS E ACTIVIDADES DESTINADAS A PROFESIONAIS DO SECTOR, ESTE EVENTO TAM\u00c9N CONTAR\u00c1 CON ESPAZOS E OBRADOIROS ORIENTADOS A ALUMNOS DE DIVERSAS IDADES ESTAR\u00c1N OPERATIVOS TODOS OS D\u00cdAS DA FEIRA, A CAL SE CELEBRAR\u00c1 DO 25 AIO 27 DE MARZO NO RECINTO FEIRA INTERNACIONAL DE GALICIA ABANCA Silleda, 11 de marzo de 2026.- ... Ler m\u00e1is\" \/>\n<meta property=\"og:url\" content=\"https:\/\/www.enerxetika.com\/gl\/la-educacion-energetica-de-ninos-y-jovenes-muy-presente-en-enerxetika-2026-a-traves-de-varios-proyectos-y-programas\/\" \/>\n<meta property=\"og:site_name\" content=\"ENERXETIKA\" \/>\n<meta property=\"article:publisher\" content=\"https:\/\/www.facebook.com\/enerxetika\" \/>\n<meta property=\"article:published_time\" content=\"2026-03-11T13:11:17+00:00\" \/>\n<meta property=\"article:modified_time\" content=\"2026-03-11T13:13:59+00:00\" \/>\n<meta property=\"og:image\" content=\"https:\/\/www.enerxetika.com\/wp-content\/uploads\/2026\/03\/Espazo-divulgativo-Sotavento-en-Enerxetika-2024-2-scaled.jpg\" \/>\n\t<meta property=\"og:image:width\" content=\"2560\" \/>\n\t<meta property=\"og:image:height\" content=\"1681\" \/>\n\t<meta property=\"og:image:type\" content=\"image\/jpeg\" \/>\n<meta name=\"author\" content=\"admin@SedExpo\" \/>\n<meta name=\"twitter:card\" content=\"summary_large_image\" \/>\n<meta name=\"twitter:creator\" content=\"@enerxetika\" \/>\n<meta name=\"twitter:site\" content=\"@enerxetika\" \/>\n<meta name=\"twitter:label1\" content=\"Escrito por\" \/>\n\t<meta name=\"twitter:data1\" content=\"admin@SedExpo\" \/>\n\t<meta name=\"twitter:label2\" content=\"Tempo de lectura\" \/>\n\t<meta name=\"twitter:data2\" content=\"3 minutos\" \/>\n<script type=\"application\/ld+json\" class=\"yoast-schema-graph\">{\"@context\":\"https:\/\/schema.org\",\"@graph\":[{\"@type\":\"Article\",\"@id\":\"https:\/\/www.enerxetika.com\/gl\/la-educacion-energetica-de-ninos-y-jovenes-muy-presente-en-enerxetika-2026-a-traves-de-varios-proyectos-y-programas\/#article\",\"isPartOf\":{\"@id\":\"https:\/\/www.enerxetika.com\/gl\/la-educacion-energetica-de-ninos-y-jovenes-muy-presente-en-enerxetika-2026-a-traves-de-varios-proyectos-y-programas\/\"},\"author\":{\"name\":\"admin@SedExpo\",\"@id\":\"https:\/\/www.enerxetika.com\/gl\/#\/schema\/person\/1fc7315d6712a25472b2c1ce06566872\"},\"headline\":\"A educaci\u00f3n enerx\u00e9tica de nenos e mozos, moi presente en Enerx\u00e9tika 2026 a trav\u00e9s de varios proxectos e programas\",\"datePublished\":\"2026-03-11T13:11:17+00:00\",\"dateModified\":\"2026-03-11T13:13:59+00:00\",\"mainEntityOfPage\":{\"@id\":\"https:\/\/www.enerxetika.com\/gl\/la-educacion-energetica-de-ninos-y-jovenes-muy-presente-en-enerxetika-2026-a-traves-de-varios-proyectos-y-programas\/\"},\"wordCount\":667,\"publisher\":{\"@id\":\"https:\/\/www.enerxetika.com\/gl\/#organization\"},\"articleSection\":[\"Uncategorized @gl\"],\"inLanguage\":\"gl-ES\"},{\"@type\":\"WebPage\",\"@id\":\"https:\/\/www.enerxetika.com\/gl\/la-educacion-energetica-de-ninos-y-jovenes-muy-presente-en-enerxetika-2026-a-traves-de-varios-proyectos-y-programas\/\",\"url\":\"https:\/\/www.enerxetika.com\/gl\/la-educacion-energetica-de-ninos-y-jovenes-muy-presente-en-enerxetika-2026-a-traves-de-varios-proyectos-y-programas\/\",\"name\":\"A educaci\u00f3n enerx\u00e9tica de nenos e mozos, moi presente en Enerx\u00e9tika 2026 a trav\u00e9s de varios proxectos e programas - ENERXETIKA\",\"isPartOf\":{\"@id\":\"https:\/\/www.enerxetika.com\/gl\/#website\"},\"datePublished\":\"2026-03-11T13:11:17+00:00\",\"dateModified\":\"2026-03-11T13:13:59+00:00\",\"breadcrumb\":{\"@id\":\"https:\/\/www.enerxetika.com\/gl\/la-educacion-energetica-de-ninos-y-jovenes-muy-presente-en-enerxetika-2026-a-traves-de-varios-proyectos-y-programas\/#breadcrumb\"},\"inLanguage\":\"gl-ES\",\"potentialAction\":[{\"@type\":\"ReadAction\",\"target\":[\"https:\/\/www.enerxetika.com\/gl\/la-educacion-energetica-de-ninos-y-jovenes-muy-presente-en-enerxetika-2026-a-traves-de-varios-proyectos-y-programas\/\"]}]},{\"@type\":\"BreadcrumbList\",\"@id\":\"https:\/\/www.enerxetika.com\/gl\/la-educacion-energetica-de-ninos-y-jovenes-muy-presente-en-enerxetika-2026-a-traves-de-varios-proyectos-y-programas\/#breadcrumb\",\"itemListElement\":[{\"@type\":\"ListItem\",\"position\":1,\"name\":\"Portada\",\"item\":\"https:\/\/www.enerxetika.com\/gl\/\"},{\"@type\":\"ListItem\",\"position\":2,\"name\":\"A educaci\u00f3n enerx\u00e9tica de nenos e mozos, moi presente en Enerx\u00e9tika 2026 a trav\u00e9s de varios proxectos e programas\"}]},{\"@type\":\"WebSite\",\"@id\":\"https:\/\/www.enerxetika.com\/gl\/#website\",\"url\":\"https:\/\/www.enerxetika.com\/gl\/\",\"name\":\"ENERXETIKA\",\"description\":\"Feria de la Energ\u00eda\",\"publisher\":{\"@id\":\"https:\/\/www.enerxetika.com\/gl\/#organization\"},\"potentialAction\":[{\"@type\":\"SearchAction\",\"target\":{\"@type\":\"EntryPoint\",\"urlTemplate\":\"https:\/\/www.enerxetika.com\/gl\/?s={search_term_string}\"},\"query-input\":\"required name=search_term_string\"}],\"inLanguage\":\"gl-ES\"},{\"@type\":\"Organization\",\"@id\":\"https:\/\/www.enerxetika.com\/gl\/#organization\",\"name\":\"ENERXETIKA\",\"url\":\"https:\/\/www.enerxetika.com\/gl\/\",\"logo\":{\"@type\":\"ImageObject\",\"inLanguage\":\"gl-ES\",\"@id\":\"https:\/\/www.enerxetika.com\/gl\/#\/schema\/logo\/image\/\",\"url\":\"\",\"contentUrl\":\"\",\"caption\":\"ENERXETIKA\"},\"image\":{\"@id\":\"https:\/\/www.enerxetika.com\/gl\/#\/schema\/logo\/image\/\"},\"sameAs\":[\"https:\/\/www.facebook.com\/enerxetika\",\"https:\/\/twitter.com\/enerxetika\",\"https:\/\/es.linkedin.com\/company\/feira-internacional-de-galicia---figa\"]},{\"@type\":\"Person\",\"@id\":\"https:\/\/www.enerxetika.com\/gl\/#\/schema\/person\/1fc7315d6712a25472b2c1ce06566872\",\"name\":\"admin@SedExpo\",\"image\":{\"@type\":\"ImageObject\",\"inLanguage\":\"gl-ES\",\"@id\":\"https:\/\/www.enerxetika.com\/gl\/#\/schema\/person\/image\/\",\"url\":\"https:\/\/secure.gravatar.com\/avatar\/2aee3a429c5c84b2486f82e4bb736b27e478d3632de0946f5aba7087273fe2cb?s=96&d=mm&r=g\",\"contentUrl\":\"https:\/\/secure.gravatar.com\/avatar\/2aee3a429c5c84b2486f82e4bb736b27e478d3632de0946f5aba7087273fe2cb?s=96&d=mm&r=g\",\"caption\":\"admin@SedExpo\"},\"url\":\"https:\/\/www.enerxetika.com\/gl\/author\/adminsedexpo\/\"}]}<\/script>\n<!-- \/ Yoast SEO plugin. -->","yoast_head_json":{"title":"A educaci\u00f3n enerx\u00e9tica de nenos e mozos, moi presente en Enerx\u00e9tika 2026 a trav\u00e9s de varios proxectos e programas - ENERXETIKA","robots":{"index":"index","follow":"follow","max-snippet":"max-snippet:-1","max-image-preview":"max-image-preview:large","max-video-preview":"max-video-preview:-1"},"canonical":"https:\/\/www.enerxetika.com\/gl\/la-educacion-energetica-de-ninos-y-jovenes-muy-presente-en-enerxetika-2026-a-traves-de-varios-proyectos-y-programas\/","og_locale":"gl_ES","og_type":"article","og_title":"A educaci\u00f3n enerx\u00e9tica de nenos e mozos, moi presente en Enerx\u00e9tika 2026 a trav\u00e9s de varios proxectos e programas - ENERXETIKA","og_description":"ADEMAIS DE PROPOSTAS EXPOSITIVAS E ACTIVIDADES DESTINADAS A PROFESIONAIS DO SECTOR, ESTE EVENTO TAM\u00c9N CONTAR\u00c1 CON ESPAZOS E OBRADOIROS ORIENTADOS A ALUMNOS DE DIVERSAS IDADES ESTAR\u00c1N OPERATIVOS TODOS OS D\u00cdAS DA FEIRA, A CAL SE CELEBRAR\u00c1 DO 25 AIO 27 DE MARZO NO RECINTO FEIRA INTERNACIONAL DE GALICIA ABANCA Silleda, 11 de marzo de 2026.- ... Ler m\u00e1is","og_url":"https:\/\/www.enerxetika.com\/gl\/la-educacion-energetica-de-ninos-y-jovenes-muy-presente-en-enerxetika-2026-a-traves-de-varios-proyectos-y-programas\/","og_site_name":"ENERXETIKA","article_publisher":"https:\/\/www.facebook.com\/enerxetika","article_published_time":"2026-03-11T13:11:17+00:00","article_modified_time":"2026-03-11T13:13:59+00:00","og_image":[{"width":2560,"height":1681,"url":"https:\/\/www.enerxetika.com\/wp-content\/uploads\/2026\/03\/Espazo-divulgativo-Sotavento-en-Enerxetika-2024-2-scaled.jpg","type":"image\/jpeg"}],"author":"admin@SedExpo","twitter_card":"summary_large_image","twitter_creator":"@enerxetika","twitter_site":"@enerxetika","twitter_misc":{"Escrito por":"admin@SedExpo","Tempo de lectura":"3 minutos"},"schema":{"@context":"https:\/\/schema.org","@graph":[{"@type":"Article","@id":"https:\/\/www.enerxetika.com\/gl\/la-educacion-energetica-de-ninos-y-jovenes-muy-presente-en-enerxetika-2026-a-traves-de-varios-proyectos-y-programas\/#article","isPartOf":{"@id":"https:\/\/www.enerxetika.com\/gl\/la-educacion-energetica-de-ninos-y-jovenes-muy-presente-en-enerxetika-2026-a-traves-de-varios-proyectos-y-programas\/"},"author":{"name":"admin@SedExpo","@id":"https:\/\/www.enerxetika.com\/gl\/#\/schema\/person\/1fc7315d6712a25472b2c1ce06566872"},"headline":"A educaci\u00f3n enerx\u00e9tica de nenos e mozos, moi presente en Enerx\u00e9tika 2026 a trav\u00e9s de varios proxectos e programas","datePublished":"2026-03-11T13:11:17+00:00","dateModified":"2026-03-11T13:13:59+00:00","mainEntityOfPage":{"@id":"https:\/\/www.enerxetika.com\/gl\/la-educacion-energetica-de-ninos-y-jovenes-muy-presente-en-enerxetika-2026-a-traves-de-varios-proyectos-y-programas\/"},"wordCount":667,"publisher":{"@id":"https:\/\/www.enerxetika.com\/gl\/#organization"},"articleSection":["Uncategorized @gl"],"inLanguage":"gl-ES"},{"@type":"WebPage","@id":"https:\/\/www.enerxetika.com\/gl\/la-educacion-energetica-de-ninos-y-jovenes-muy-presente-en-enerxetika-2026-a-traves-de-varios-proyectos-y-programas\/","url":"https:\/\/www.enerxetika.com\/gl\/la-educacion-energetica-de-ninos-y-jovenes-muy-presente-en-enerxetika-2026-a-traves-de-varios-proyectos-y-programas\/","name":"A educaci\u00f3n enerx\u00e9tica de nenos e mozos, moi presente en Enerx\u00e9tika 2026 a trav\u00e9s de varios proxectos e programas - ENERXETIKA","isPartOf":{"@id":"https:\/\/www.enerxetika.com\/gl\/#website"},"datePublished":"2026-03-11T13:11:17+00:00","dateModified":"2026-03-11T13:13:59+00:00","breadcrumb":{"@id":"https:\/\/www.enerxetika.com\/gl\/la-educacion-energetica-de-ninos-y-jovenes-muy-presente-en-enerxetika-2026-a-traves-de-varios-proyectos-y-programas\/#breadcrumb"},"inLanguage":"gl-ES","potentialAction":[{"@type":"ReadAction","target":["https:\/\/www.enerxetika.com\/gl\/la-educacion-energetica-de-ninos-y-jovenes-muy-presente-en-enerxetika-2026-a-traves-de-varios-proyectos-y-programas\/"]}]},{"@type":"BreadcrumbList","@id":"https:\/\/www.enerxetika.com\/gl\/la-educacion-energetica-de-ninos-y-jovenes-muy-presente-en-enerxetika-2026-a-traves-de-varios-proyectos-y-programas\/#breadcrumb","itemListElement":[{"@type":"ListItem","position":1,"name":"Portada","item":"https:\/\/www.enerxetika.com\/gl\/"},{"@type":"ListItem","position":2,"name":"A educaci\u00f3n enerx\u00e9tica de nenos e mozos, moi presente en Enerx\u00e9tika 2026 a trav\u00e9s de varios proxectos e programas"}]},{"@type":"WebSite","@id":"https:\/\/www.enerxetika.com\/gl\/#website","url":"https:\/\/www.enerxetika.com\/gl\/","name":"ENERXETIKA","description":"Feria de la Energ\u00eda","publisher":{"@id":"https:\/\/www.enerxetika.com\/gl\/#organization"},"potentialAction":[{"@type":"SearchAction","target":{"@type":"EntryPoint","urlTemplate":"https:\/\/www.enerxetika.com\/gl\/?s={search_term_string}"},"query-input":"required name=search_term_string"}],"inLanguage":"gl-ES"},{"@type":"Organization","@id":"https:\/\/www.enerxetika.com\/gl\/#organization","name":"ENERXETIKA","url":"https:\/\/www.enerxetika.com\/gl\/","logo":{"@type":"ImageObject","inLanguage":"gl-ES","@id":"https:\/\/www.enerxetika.com\/gl\/#\/schema\/logo\/image\/","url":"","contentUrl":"","caption":"ENERXETIKA"},"image":{"@id":"https:\/\/www.enerxetika.com\/gl\/#\/schema\/logo\/image\/"},"sameAs":["https:\/\/www.facebook.com\/enerxetika","https:\/\/twitter.com\/enerxetika","https:\/\/es.linkedin.com\/company\/feira-internacional-de-galicia---figa"]},{"@type":"Person","@id":"https:\/\/www.enerxetika.com\/gl\/#\/schema\/person\/1fc7315d6712a25472b2c1ce06566872","name":"admin@SedExpo","image":{"@type":"ImageObject","inLanguage":"gl-ES","@id":"https:\/\/www.enerxetika.com\/gl\/#\/schema\/person\/image\/","url":"https:\/\/secure.gravatar.com\/avatar\/2aee3a429c5c84b2486f82e4bb736b27e478d3632de0946f5aba7087273fe2cb?s=96&d=mm&r=g","contentUrl":"https:\/\/secure.gravatar.com\/avatar\/2aee3a429c5c84b2486f82e4bb736b27e478d3632de0946f5aba7087273fe2cb?s=96&d=mm&r=g","caption":"admin@SedExpo"},"url":"https:\/\/www.enerxetika.com\/gl\/author\/adminsedexpo\/"}]}},"_links":{"self":[{"href":"https:\/\/www.enerxetika.com\/gl\/wp-json\/wp\/v2\/posts\/4418","targetHints":{"allow":["GET"]}}],"collection":[{"href":"https:\/\/www.enerxetika.com\/gl\/wp-json\/wp\/v2\/posts"}],"about":[{"href":"https:\/\/www.enerxetika.com\/gl\/wp-json\/wp\/v2\/types\/post"}],"author":[{"embeddable":true,"href":"https:\/\/www.enerxetika.com\/gl\/wp-json\/wp\/v2\/users\/1"}],"replies":[{"embeddable":true,"href":"https:\/\/www.enerxetika.com\/gl\/wp-json\/wp\/v2\/comments?post=4418"}],"version-history":[{"count":1,"href":"https:\/\/www.enerxetika.com\/gl\/wp-json\/wp\/v2\/posts\/4418\/revisions"}],"predecessor-version":[{"id":4419,"href":"https:\/\/www.enerxetika.com\/gl\/wp-json\/wp\/v2\/posts\/4418\/revisions\/4419"}],"wp:featuredmedia":[{"embeddable":true,"href":"https:\/\/www.enerxetika.com\/gl\/wp-json\/wp\/v2\/media\/4416"}],"wp:attachment":[{"href":"https:\/\/www.enerxetika.com\/gl\/wp-json\/wp\/v2\/media?parent=4418"}],"wp:term":[{"taxonomy":"category","embeddable":true,"href":"https:\/\/www.enerxetika.com\/gl\/wp-json\/wp\/v2\/categories?post=4418"},{"taxonomy":"post_tag","embeddable":true,"href":"https:\/\/www.enerxetika.com\/gl\/wp-json\/wp\/v2\/tags?post=4418"}],"curies":[{"name":"wp","href":"https:\/\/api.w.org\/{rel}","templated":true}]}}