{"id":4425,"date":"2026-03-13T09:49:44","date_gmt":"2026-03-13T09:49:44","guid":{"rendered":"https:\/\/www.enerxetika.com\/enerxetika26-reunira-a-instaladores-y-rehabilitadores-para-acercarles-las-claves-de-los-certificados-de-ahorro-energetico-y-la-ia-en-su-trabajo\/"},"modified":"2026-03-13T09:51:08","modified_gmt":"2026-03-13T09:51:08","slug":"enerxetika26-reunira-a-instaladores-y-rehabilitadores-para-acercarles-las-claves-de-los-certificados-de-ahorro-energetico-y-la-ia-en-su-trabajo","status":"publish","type":"post","link":"https:\/\/www.enerxetika.com\/gl\/enerxetika26-reunira-a-instaladores-y-rehabilitadores-para-acercarles-las-claves-de-los-certificados-de-ahorro-energetico-y-la-ia-en-su-trabajo\/","title":{"rendered":"Enerx\u00e9tika\u00b426 reunir\u00e1 a instaladores e rehabilitadores para achegarlles as claves dos certificados de aforro enerx\u00e9tico e a IA no seu traballo"},"content":{"rendered":"<ul>\n<li><strong>A FEDERACION DE ASOCIACI\u00d3NS DE EMPRESAS DA REFORMA E REHBILITACI\u00d3N DE GALICIA E LA FEDERACI\u00d3N GALEGA DE ASOCIACI\u00d3NS DE INSTALADORES EL\u00c9CTRICOS E DE TELECOMUNICACI\u00d3NS ORGANIZAR\u00c1N ACTIVIDADES SOBRE ESTES E OUTROS TEMAS DE INTERESE PARA ESTES \u00c1MBITOS<\/strong><\/li>\n<li><strong>O EVENTO CELEBRARASE DO 25 AO 27 DE MARZO NA FEIRA INTERNACIONAL DE GALICIA ABANCA (SILLEDA, PONTEVEDRA)<\/strong><\/li>\n<\/ul>\n<p><strong><em>Silleda, 13 de marzo de 2026.- <\/em><\/strong>A feira de enerx\u00eda Enerx\u00e9tika, a cal celebrar\u00e1 a s\u00faa quinta edici\u00f3n do 25 ao 27 de marzo na Feira Internacional de Galicia ABANCA, conformar\u00e1 un interesante foro para instaladores e profesionais relacionados coa pequena e mediana obra de reparaci\u00f3n, reforma e rehabilitaci\u00f3n. As\u00ed, ademais da multitude de propostas presentes na \u00e1rea expositiva dirixidas a eles, tam\u00e9n contar\u00e1n cun interesante programa.<\/p>\n<p>Unhas actividades que se celebrar\u00e1n de man da Federaci\u00f3n Galega de Asociaci\u00f3ns de Instaladores El\u00e9ctricos e de Telecomunicaci\u00f3ns (FEGASINEL) e da Federaci\u00f3n de Asociaci\u00f3ns de Empresas da Reforma e Rehabilitaci\u00f3n de Galicia (FEDERGAL).<\/p>\n<p>En canto a FEGASINEL, organizar\u00e1 tres interesantes xornadas para os instaladores. A primeira delas ter\u00e1 por t\u00edtulo \u201cCaes: oportunidades para o instalador\u201d e expo\u00f1er\u00e1 as posibilidades do Certificado de Aforro Enerx\u00e9tico, documento que acredita un aforro de enerx\u00eda final equivalente a 1 kWh, logo de realizar unha actuaci\u00f3n de eficiencia enerx\u00e9tica. Desta forma, por cada kWh de aforro anual p\u00f3dese obter 1 CAE. Monet\u00edzanse as\u00ed os aforros enerx\u00e9ticos, recuperando parte do custo dos investimentos en eficiencia enerx\u00e9tica, xa que o usuario final pode recibir unha contraprestaci\u00f3n se vende CAEs obtidos mediante o Sistema de CAE, no que interve\u00f1en o Ministerio para a Transici\u00f3n Ecol\u00f3xica e o Reto Demogr\u00e1fico, as\u00ed como xestores auton\u00f3micos e verificadores independentes.<\/p>\n<p>O segundo dos encontros centrarase na tramitaci\u00f3n de expedientes UFD e explicar\u00e1 as novidades relativas \u00e1 plataforma de tramitaci\u00f3n e solicitude de subministro, mentres que a terceira versar\u00e1 sobre a certificaci\u00f3n dun asesor enerx\u00e9tico e os axentes Fen\u00ede Enerx\u00eda.<\/p>\n<p><strong>A IA en reforma e rehabilitaci\u00f3n<\/strong><\/p>\n<p>Pola s\u00faa banda FEDERGAL realizar\u00e1 unha acci\u00f3n formativa de alto valor pr\u00e1ctico en intelixencia artificial aplicada a unha empresa ficticia que incluir\u00e1 unha charla pr\u00e1ctica e demostrativa orientada \u00e1 sensibilizaci\u00f3n e visi\u00f3n estrat\u00e9xica no \u00e1mbito da reforma e a rehabilitaci\u00f3n.<\/p>\n<p>Ademais, esta federaci\u00f3n celebrar\u00e1 en Enerx\u00e9tika 2026 a s\u00faa asemblea xeral, acto reservado aos asociados e asociaci\u00f3ns integrados en FEDERGAL<\/p>\n","protected":false},"excerpt":{"rendered":"<p>A FEDERACION DE ASOCIACI\u00d3NS DE EMPRESAS DA REFORMA E REHBILITACI\u00d3N DE GALICIA E LA FEDERACI\u00d3N GALEGA DE ASOCIACI\u00d3NS DE INSTALADORES EL\u00c9CTRICOS E DE TELECOMUNICACI\u00d3NS ORGANIZAR\u00c1N ACTIVIDADES SOBRE ESTES E OUTROS TEMAS DE INTERESE PARA ESTES \u00c1MBITOS O EVENTO CELEBRARASE DO 25 AO 27 DE MARZO NA FEIRA INTERNACIONAL DE GALICIA ABANCA (SILLEDA, PONTEVEDRA) Silleda, 13 &#8230; <a title=\"Enerx\u00e9tika\u00b426 reunir\u00e1 a instaladores e rehabilitadores para achegarlles as claves dos certificados de aforro enerx\u00e9tico e a IA no seu traballo\" class=\"read-more\" href=\"https:\/\/www.enerxetika.com\/gl\/enerxetika26-reunira-a-instaladores-y-rehabilitadores-para-acercarles-las-claves-de-los-certificados-de-ahorro-energetico-y-la-ia-en-su-trabajo\/\" aria-label=\"M\u00e1is en Enerx\u00e9tika\u00b426 reunir\u00e1 a instaladores e rehabilitadores para achegarlles as claves dos certificados de aforro enerx\u00e9tico e a IA no seu traballo\">Ler m\u00e1is<\/a><\/p>\n","protected":false},"author":1,"featured_media":4423,"comment_status":"closed","ping_status":"closed","sticky":false,"template":"","format":"standard","meta":{"footnotes":""},"categories":[18],"tags":[],"class_list":["post-4425","post","type-post","status-publish","format-standard","has-post-thumbnail","hentry","category-uncategorized-gl"],"acf":[],"yoast_head":"<!-- This site is optimized with the Yoast SEO plugin v20.4 - https:\/\/yoast.com\/wordpress\/plugins\/seo\/ -->\n<title>Enerx\u00e9tika\u00b426 reunir\u00e1 a instaladores e rehabilitadores para achegarlles as claves dos certificados de aforro enerx\u00e9tico e a IA no seu traballo - ENERXETIKA<\/title>\n<meta name=\"robots\" content=\"index, follow, max-snippet:-1, max-image-preview:large, max-video-preview:-1\" \/>\n<link rel=\"canonical\" href=\"https:\/\/www.enerxetika.com\/gl\/enerxetika26-reunira-a-instaladores-y-rehabilitadores-para-acercarles-las-claves-de-los-certificados-de-ahorro-energetico-y-la-ia-en-su-trabajo\/\" \/>\n<meta property=\"og:locale\" content=\"gl_ES\" \/>\n<meta property=\"og:type\" content=\"article\" \/>\n<meta property=\"og:title\" content=\"Enerx\u00e9tika\u00b426 reunir\u00e1 a instaladores e rehabilitadores para achegarlles as claves dos certificados de aforro enerx\u00e9tico e a IA no seu traballo - ENERXETIKA\" \/>\n<meta property=\"og:description\" content=\"A FEDERACION DE ASOCIACI\u00d3NS DE EMPRESAS DA REFORMA E REHBILITACI\u00d3N DE GALICIA E LA FEDERACI\u00d3N GALEGA DE ASOCIACI\u00d3NS DE INSTALADORES EL\u00c9CTRICOS E DE TELECOMUNICACI\u00d3NS ORGANIZAR\u00c1N ACTIVIDADES SOBRE ESTES E OUTROS TEMAS DE INTERESE PARA ESTES \u00c1MBITOS O EVENTO CELEBRARASE DO 25 AO 27 DE MARZO NA FEIRA INTERNACIONAL DE GALICIA ABANCA (SILLEDA, PONTEVEDRA) Silleda, 13 ... Ler m\u00e1is\" \/>\n<meta property=\"og:url\" content=\"https:\/\/www.enerxetika.com\/gl\/enerxetika26-reunira-a-instaladores-y-rehabilitadores-para-acercarles-las-claves-de-los-certificados-de-ahorro-energetico-y-la-ia-en-su-trabajo\/\" \/>\n<meta property=\"og:site_name\" content=\"ENERXETIKA\" \/>\n<meta property=\"article:publisher\" content=\"https:\/\/www.facebook.com\/enerxetika\" \/>\n<meta property=\"article:published_time\" content=\"2026-03-13T09:49:44+00:00\" \/>\n<meta property=\"article:modified_time\" content=\"2026-03-13T09:51:08+00:00\" \/>\n<meta property=\"og:image\" content=\"https:\/\/www.enerxetika.com\/wp-content\/uploads\/2026\/03\/Vista-Enerxetika-2024-DSC07653.jpg\" \/>\n\t<meta property=\"og:image:width\" content=\"2000\" \/>\n\t<meta property=\"og:image:height\" content=\"1126\" \/>\n\t<meta property=\"og:image:type\" content=\"image\/jpeg\" \/>\n<meta name=\"author\" content=\"admin@SedExpo\" \/>\n<meta name=\"twitter:card\" content=\"summary_large_image\" \/>\n<meta name=\"twitter:creator\" content=\"@enerxetika\" \/>\n<meta name=\"twitter:site\" content=\"@enerxetika\" \/>\n<meta name=\"twitter:label1\" content=\"Escrito por\" \/>\n\t<meta name=\"twitter:data1\" content=\"admin@SedExpo\" \/>\n\t<meta name=\"twitter:label2\" content=\"Tempo de lectura\" \/>\n\t<meta name=\"twitter:data2\" content=\"2 minutos\" \/>\n<script type=\"application\/ld+json\" class=\"yoast-schema-graph\">{\"@context\":\"https:\/\/schema.org\",\"@graph\":[{\"@type\":\"Article\",\"@id\":\"https:\/\/www.enerxetika.com\/gl\/enerxetika26-reunira-a-instaladores-y-rehabilitadores-para-acercarles-las-claves-de-los-certificados-de-ahorro-energetico-y-la-ia-en-su-trabajo\/#article\",\"isPartOf\":{\"@id\":\"https:\/\/www.enerxetika.com\/gl\/enerxetika26-reunira-a-instaladores-y-rehabilitadores-para-acercarles-las-claves-de-los-certificados-de-ahorro-energetico-y-la-ia-en-su-trabajo\/\"},\"author\":{\"name\":\"admin@SedExpo\",\"@id\":\"https:\/\/www.enerxetika.com\/gl\/#\/schema\/person\/1fc7315d6712a25472b2c1ce06566872\"},\"headline\":\"Enerx\u00e9tika\u00b426 reunir\u00e1 a instaladores e rehabilitadores para achegarlles as claves dos certificados de aforro enerx\u00e9tico e a IA no seu traballo\",\"datePublished\":\"2026-03-13T09:49:44+00:00\",\"dateModified\":\"2026-03-13T09:51:08+00:00\",\"mainEntityOfPage\":{\"@id\":\"https:\/\/www.enerxetika.com\/gl\/enerxetika26-reunira-a-instaladores-y-rehabilitadores-para-acercarles-las-claves-de-los-certificados-de-ahorro-energetico-y-la-ia-en-su-trabajo\/\"},\"wordCount\":444,\"publisher\":{\"@id\":\"https:\/\/www.enerxetika.com\/gl\/#organization\"},\"articleSection\":[\"Uncategorized @gl\"],\"inLanguage\":\"gl-ES\"},{\"@type\":\"WebPage\",\"@id\":\"https:\/\/www.enerxetika.com\/gl\/enerxetika26-reunira-a-instaladores-y-rehabilitadores-para-acercarles-las-claves-de-los-certificados-de-ahorro-energetico-y-la-ia-en-su-trabajo\/\",\"url\":\"https:\/\/www.enerxetika.com\/gl\/enerxetika26-reunira-a-instaladores-y-rehabilitadores-para-acercarles-las-claves-de-los-certificados-de-ahorro-energetico-y-la-ia-en-su-trabajo\/\",\"name\":\"Enerx\u00e9tika\u00b426 reunir\u00e1 a instaladores e rehabilitadores para achegarlles as claves dos certificados de aforro enerx\u00e9tico e a IA no seu traballo - ENERXETIKA\",\"isPartOf\":{\"@id\":\"https:\/\/www.enerxetika.com\/gl\/#website\"},\"datePublished\":\"2026-03-13T09:49:44+00:00\",\"dateModified\":\"2026-03-13T09:51:08+00:00\",\"breadcrumb\":{\"@id\":\"https:\/\/www.enerxetika.com\/gl\/enerxetika26-reunira-a-instaladores-y-rehabilitadores-para-acercarles-las-claves-de-los-certificados-de-ahorro-energetico-y-la-ia-en-su-trabajo\/#breadcrumb\"},\"inLanguage\":\"gl-ES\",\"potentialAction\":[{\"@type\":\"ReadAction\",\"target\":[\"https:\/\/www.enerxetika.com\/gl\/enerxetika26-reunira-a-instaladores-y-rehabilitadores-para-acercarles-las-claves-de-los-certificados-de-ahorro-energetico-y-la-ia-en-su-trabajo\/\"]}]},{\"@type\":\"BreadcrumbList\",\"@id\":\"https:\/\/www.enerxetika.com\/gl\/enerxetika26-reunira-a-instaladores-y-rehabilitadores-para-acercarles-las-claves-de-los-certificados-de-ahorro-energetico-y-la-ia-en-su-trabajo\/#breadcrumb\",\"itemListElement\":[{\"@type\":\"ListItem\",\"position\":1,\"name\":\"Portada\",\"item\":\"https:\/\/www.enerxetika.com\/gl\/\"},{\"@type\":\"ListItem\",\"position\":2,\"name\":\"Enerx\u00e9tika\u00b426 reunir\u00e1 a instaladores e rehabilitadores para achegarlles as claves dos certificados de aforro enerx\u00e9tico e a IA no seu traballo\"}]},{\"@type\":\"WebSite\",\"@id\":\"https:\/\/www.enerxetika.com\/gl\/#website\",\"url\":\"https:\/\/www.enerxetika.com\/gl\/\",\"name\":\"ENERXETIKA\",\"description\":\"Feria de la Energ\u00eda\",\"publisher\":{\"@id\":\"https:\/\/www.enerxetika.com\/gl\/#organization\"},\"potentialAction\":[{\"@type\":\"SearchAction\",\"target\":{\"@type\":\"EntryPoint\",\"urlTemplate\":\"https:\/\/www.enerxetika.com\/gl\/?s={search_term_string}\"},\"query-input\":\"required name=search_term_string\"}],\"inLanguage\":\"gl-ES\"},{\"@type\":\"Organization\",\"@id\":\"https:\/\/www.enerxetika.com\/gl\/#organization\",\"name\":\"ENERXETIKA\",\"url\":\"https:\/\/www.enerxetika.com\/gl\/\",\"logo\":{\"@type\":\"ImageObject\",\"inLanguage\":\"gl-ES\",\"@id\":\"https:\/\/www.enerxetika.com\/gl\/#\/schema\/logo\/image\/\",\"url\":\"\",\"contentUrl\":\"\",\"caption\":\"ENERXETIKA\"},\"image\":{\"@id\":\"https:\/\/www.enerxetika.com\/gl\/#\/schema\/logo\/image\/\"},\"sameAs\":[\"https:\/\/www.facebook.com\/enerxetika\",\"https:\/\/twitter.com\/enerxetika\",\"https:\/\/es.linkedin.com\/company\/feira-internacional-de-galicia---figa\"]},{\"@type\":\"Person\",\"@id\":\"https:\/\/www.enerxetika.com\/gl\/#\/schema\/person\/1fc7315d6712a25472b2c1ce06566872\",\"name\":\"admin@SedExpo\",\"image\":{\"@type\":\"ImageObject\",\"inLanguage\":\"gl-ES\",\"@id\":\"https:\/\/www.enerxetika.com\/gl\/#\/schema\/person\/image\/\",\"url\":\"https:\/\/secure.gravatar.com\/avatar\/2aee3a429c5c84b2486f82e4bb736b27e478d3632de0946f5aba7087273fe2cb?s=96&d=mm&r=g\",\"contentUrl\":\"https:\/\/secure.gravatar.com\/avatar\/2aee3a429c5c84b2486f82e4bb736b27e478d3632de0946f5aba7087273fe2cb?s=96&d=mm&r=g\",\"caption\":\"admin@SedExpo\"},\"url\":\"https:\/\/www.enerxetika.com\/gl\/author\/adminsedexpo\/\"}]}<\/script>\n<!-- \/ Yoast SEO plugin. -->","yoast_head_json":{"title":"Enerx\u00e9tika\u00b426 reunir\u00e1 a instaladores e rehabilitadores para achegarlles as claves dos certificados de aforro enerx\u00e9tico e a IA no seu traballo - ENERXETIKA","robots":{"index":"index","follow":"follow","max-snippet":"max-snippet:-1","max-image-preview":"max-image-preview:large","max-video-preview":"max-video-preview:-1"},"canonical":"https:\/\/www.enerxetika.com\/gl\/enerxetika26-reunira-a-instaladores-y-rehabilitadores-para-acercarles-las-claves-de-los-certificados-de-ahorro-energetico-y-la-ia-en-su-trabajo\/","og_locale":"gl_ES","og_type":"article","og_title":"Enerx\u00e9tika\u00b426 reunir\u00e1 a instaladores e rehabilitadores para achegarlles as claves dos certificados de aforro enerx\u00e9tico e a IA no seu traballo - ENERXETIKA","og_description":"A FEDERACION DE ASOCIACI\u00d3NS DE EMPRESAS DA REFORMA E REHBILITACI\u00d3N DE GALICIA E LA FEDERACI\u00d3N GALEGA DE ASOCIACI\u00d3NS DE INSTALADORES EL\u00c9CTRICOS E DE TELECOMUNICACI\u00d3NS ORGANIZAR\u00c1N ACTIVIDADES SOBRE ESTES E OUTROS TEMAS DE INTERESE PARA ESTES \u00c1MBITOS O EVENTO CELEBRARASE DO 25 AO 27 DE MARZO NA FEIRA INTERNACIONAL DE GALICIA ABANCA (SILLEDA, PONTEVEDRA) Silleda, 13 ... Ler m\u00e1is","og_url":"https:\/\/www.enerxetika.com\/gl\/enerxetika26-reunira-a-instaladores-y-rehabilitadores-para-acercarles-las-claves-de-los-certificados-de-ahorro-energetico-y-la-ia-en-su-trabajo\/","og_site_name":"ENERXETIKA","article_publisher":"https:\/\/www.facebook.com\/enerxetika","article_published_time":"2026-03-13T09:49:44+00:00","article_modified_time":"2026-03-13T09:51:08+00:00","og_image":[{"width":2000,"height":1126,"url":"https:\/\/www.enerxetika.com\/wp-content\/uploads\/2026\/03\/Vista-Enerxetika-2024-DSC07653.jpg","type":"image\/jpeg"}],"author":"admin@SedExpo","twitter_card":"summary_large_image","twitter_creator":"@enerxetika","twitter_site":"@enerxetika","twitter_misc":{"Escrito por":"admin@SedExpo","Tempo de lectura":"2 minutos"},"schema":{"@context":"https:\/\/schema.org","@graph":[{"@type":"Article","@id":"https:\/\/www.enerxetika.com\/gl\/enerxetika26-reunira-a-instaladores-y-rehabilitadores-para-acercarles-las-claves-de-los-certificados-de-ahorro-energetico-y-la-ia-en-su-trabajo\/#article","isPartOf":{"@id":"https:\/\/www.enerxetika.com\/gl\/enerxetika26-reunira-a-instaladores-y-rehabilitadores-para-acercarles-las-claves-de-los-certificados-de-ahorro-energetico-y-la-ia-en-su-trabajo\/"},"author":{"name":"admin@SedExpo","@id":"https:\/\/www.enerxetika.com\/gl\/#\/schema\/person\/1fc7315d6712a25472b2c1ce06566872"},"headline":"Enerx\u00e9tika\u00b426 reunir\u00e1 a instaladores e rehabilitadores para achegarlles as claves dos certificados de aforro enerx\u00e9tico e a IA no seu traballo","datePublished":"2026-03-13T09:49:44+00:00","dateModified":"2026-03-13T09:51:08+00:00","mainEntityOfPage":{"@id":"https:\/\/www.enerxetika.com\/gl\/enerxetika26-reunira-a-instaladores-y-rehabilitadores-para-acercarles-las-claves-de-los-certificados-de-ahorro-energetico-y-la-ia-en-su-trabajo\/"},"wordCount":444,"publisher":{"@id":"https:\/\/www.enerxetika.com\/gl\/#organization"},"articleSection":["Uncategorized @gl"],"inLanguage":"gl-ES"},{"@type":"WebPage","@id":"https:\/\/www.enerxetika.com\/gl\/enerxetika26-reunira-a-instaladores-y-rehabilitadores-para-acercarles-las-claves-de-los-certificados-de-ahorro-energetico-y-la-ia-en-su-trabajo\/","url":"https:\/\/www.enerxetika.com\/gl\/enerxetika26-reunira-a-instaladores-y-rehabilitadores-para-acercarles-las-claves-de-los-certificados-de-ahorro-energetico-y-la-ia-en-su-trabajo\/","name":"Enerx\u00e9tika\u00b426 reunir\u00e1 a instaladores e rehabilitadores para achegarlles as claves dos certificados de aforro enerx\u00e9tico e a IA no seu traballo - ENERXETIKA","isPartOf":{"@id":"https:\/\/www.enerxetika.com\/gl\/#website"},"datePublished":"2026-03-13T09:49:44+00:00","dateModified":"2026-03-13T09:51:08+00:00","breadcrumb":{"@id":"https:\/\/www.enerxetika.com\/gl\/enerxetika26-reunira-a-instaladores-y-rehabilitadores-para-acercarles-las-claves-de-los-certificados-de-ahorro-energetico-y-la-ia-en-su-trabajo\/#breadcrumb"},"inLanguage":"gl-ES","potentialAction":[{"@type":"ReadAction","target":["https:\/\/www.enerxetika.com\/gl\/enerxetika26-reunira-a-instaladores-y-rehabilitadores-para-acercarles-las-claves-de-los-certificados-de-ahorro-energetico-y-la-ia-en-su-trabajo\/"]}]},{"@type":"BreadcrumbList","@id":"https:\/\/www.enerxetika.com\/gl\/enerxetika26-reunira-a-instaladores-y-rehabilitadores-para-acercarles-las-claves-de-los-certificados-de-ahorro-energetico-y-la-ia-en-su-trabajo\/#breadcrumb","itemListElement":[{"@type":"ListItem","position":1,"name":"Portada","item":"https:\/\/www.enerxetika.com\/gl\/"},{"@type":"ListItem","position":2,"name":"Enerx\u00e9tika\u00b426 reunir\u00e1 a instaladores e rehabilitadores para achegarlles as claves dos certificados de aforro enerx\u00e9tico e a IA no seu traballo"}]},{"@type":"WebSite","@id":"https:\/\/www.enerxetika.com\/gl\/#website","url":"https:\/\/www.enerxetika.com\/gl\/","name":"ENERXETIKA","description":"Feria de la Energ\u00eda","publisher":{"@id":"https:\/\/www.enerxetika.com\/gl\/#organization"},"potentialAction":[{"@type":"SearchAction","target":{"@type":"EntryPoint","urlTemplate":"https:\/\/www.enerxetika.com\/gl\/?s={search_term_string}"},"query-input":"required name=search_term_string"}],"inLanguage":"gl-ES"},{"@type":"Organization","@id":"https:\/\/www.enerxetika.com\/gl\/#organization","name":"ENERXETIKA","url":"https:\/\/www.enerxetika.com\/gl\/","logo":{"@type":"ImageObject","inLanguage":"gl-ES","@id":"https:\/\/www.enerxetika.com\/gl\/#\/schema\/logo\/image\/","url":"","contentUrl":"","caption":"ENERXETIKA"},"image":{"@id":"https:\/\/www.enerxetika.com\/gl\/#\/schema\/logo\/image\/"},"sameAs":["https:\/\/www.facebook.com\/enerxetika","https:\/\/twitter.com\/enerxetika","https:\/\/es.linkedin.com\/company\/feira-internacional-de-galicia---figa"]},{"@type":"Person","@id":"https:\/\/www.enerxetika.com\/gl\/#\/schema\/person\/1fc7315d6712a25472b2c1ce06566872","name":"admin@SedExpo","image":{"@type":"ImageObject","inLanguage":"gl-ES","@id":"https:\/\/www.enerxetika.com\/gl\/#\/schema\/person\/image\/","url":"https:\/\/secure.gravatar.com\/avatar\/2aee3a429c5c84b2486f82e4bb736b27e478d3632de0946f5aba7087273fe2cb?s=96&d=mm&r=g","contentUrl":"https:\/\/secure.gravatar.com\/avatar\/2aee3a429c5c84b2486f82e4bb736b27e478d3632de0946f5aba7087273fe2cb?s=96&d=mm&r=g","caption":"admin@SedExpo"},"url":"https:\/\/www.enerxetika.com\/gl\/author\/adminsedexpo\/"}]}},"_links":{"self":[{"href":"https:\/\/www.enerxetika.com\/gl\/wp-json\/wp\/v2\/posts\/4425","targetHints":{"allow":["GET"]}}],"collection":[{"href":"https:\/\/www.enerxetika.com\/gl\/wp-json\/wp\/v2\/posts"}],"about":[{"href":"https:\/\/www.enerxetika.com\/gl\/wp-json\/wp\/v2\/types\/post"}],"author":[{"embeddable":true,"href":"https:\/\/www.enerxetika.com\/gl\/wp-json\/wp\/v2\/users\/1"}],"replies":[{"embeddable":true,"href":"https:\/\/www.enerxetika.com\/gl\/wp-json\/wp\/v2\/comments?post=4425"}],"version-history":[{"count":1,"href":"https:\/\/www.enerxetika.com\/gl\/wp-json\/wp\/v2\/posts\/4425\/revisions"}],"predecessor-version":[{"id":4426,"href":"https:\/\/www.enerxetika.com\/gl\/wp-json\/wp\/v2\/posts\/4425\/revisions\/4426"}],"wp:featuredmedia":[{"embeddable":true,"href":"https:\/\/www.enerxetika.com\/gl\/wp-json\/wp\/v2\/media\/4423"}],"wp:attachment":[{"href":"https:\/\/www.enerxetika.com\/gl\/wp-json\/wp\/v2\/media?parent=4425"}],"wp:term":[{"taxonomy":"category","embeddable":true,"href":"https:\/\/www.enerxetika.com\/gl\/wp-json\/wp\/v2\/categories?post=4425"},{"taxonomy":"post_tag","embeddable":true,"href":"https:\/\/www.enerxetika.com\/gl\/wp-json\/wp\/v2\/tags?post=4425"}],"curies":[{"name":"wp","href":"https:\/\/api.w.org\/{rel}","templated":true}]}}